{"id":871,"date":"2026-04-25T18:15:35","date_gmt":"2026-04-25T18:15:35","guid":{"rendered":"https:\/\/www.parafiaborzytuchom.pl\/?p=871"},"modified":"2026-04-25T18:15:35","modified_gmt":"2026-04-25T18:15:35","slug":"intencje-mszalne","status":"publish","type":"post","link":"https:\/\/www.parafiaborzytuchom.pl\/?p=871","title":{"rendered":"Intencje Mszalne 26.04.2026 r."},"content":{"rendered":"\n<p><\/p>\n\n\n\n<p><strong><mark class=\"has-inline-color has-vivid-red-color\">IV niedziela wielkanocna<\/mark> <\/strong>(26.04.) &#8211; <strong>niedziela Dobrego Pasterza<\/strong>,<\/p>\n\n\n\n<p><strong>8.00<\/strong> &#8211; + Angelik\u0119, Wiolet\u0119 i J\u00f3zefa Jarosz,<\/p>\n\n\n\n<p><em>9.40 &#8211; Msza dzi\u0119kczynno &#8211; b\u0142agalna w rodzinie Joanny i Wojciecha (30 r. \u015bl.),<\/em><\/p>\n\n\n\n<p><strong>11.00<\/strong> &#8211; Msza dzi\u0119kczynno &#8211; b\u0142agalna w rodzinie Brygidy i Krzysztofa (r. \u015bl.),<\/p>\n\n\n\n<p>poniedzia\u0142ek &#8211; <strong>18.00<\/strong> &#8211; o zdrowie i Bo\u017ce b\u0142ogos\u0142awie\u0144stwo dla El\u017cbiety,<\/p>\n\n\n\n<p>wtorek &#8211; <strong>18.00<\/strong> &#8211; za zmar\u0142ych z rodziny Szymanowskich i Juchniewicz,<\/p>\n\n\n\n<p>\u015broda &#8211; <strong>18.00<\/strong> &#8211; Msza dzi\u0119kczynno &#8211; b\u0142agalna w rodzinie Aliny i Jakuba (14 r. \u015bl.),<\/p>\n\n\n\n<p>czwartek &#8211; <strong>18.00<\/strong> &#8211; Msza dzi\u0119kczynno &#8211; b\u0142agalna w rodzinie Gostkowskich,<\/p>\n\n\n\n<p>1 pi\u0105tek (1 V) &#8211; <strong>18.00<\/strong> &#8211; + Bogumi\u0142\u0119 i Stefana Wa\u0142doch i Brunona Jank,<\/p>\n\n\n\n<p>1 sobota &#8211; <strong>18.00<\/strong> &#8211; w int. wynagradzaj\u0105cej Niepokalanemu Sercu Maryi, za Ojczyzn\u0119 i o pok\u00f3j dla Polski dla \u015bwiata &#8211; int. od rodzin z kr\u0119g\u00f3w MB Pielgrzymuj\u0105cej&nbsp;&nbsp;<\/p>\n\n\n\n<p><strong><mark class=\"has-inline-color has-vivid-red-color\">V niedziela wielkanocna<\/mark> <\/strong>(3.05.) &#8211;<\/p>\n\n\n\n<p><strong>8.00<\/strong> &#8211; o dary Ducha \u015awi\u0119tego dla Karoliny i maturzyst\u00f3w,<\/p>\n\n\n\n<p><em>9.40 &#8211; + Andrzeja Kucharczyka (1 r. \u015bm.), Stefani\u0119 i Kiliana Lass, Helen\u0119 i Jana Kucharczyk,<\/em><\/p>\n\n\n\n<p><strong>11.00<\/strong> &#8211; <strong>w intencji OSP w Gminie Borzytuchom i naszych rodzin,<\/strong><\/p>\n","protected":false},"excerpt":{"rendered":"<p>IV niedziela wielkanocna (26.04.) &#8211; niedziela Dobrego Pasterza, 8.00 &#8211; + Angelik\u0119, Wiolet\u0119 i J\u00f3zefa Jarosz, 9.40 &#8211; Msza dzi\u0119kczynno &#8211; b\u0142agalna w rodzinie Joanny i Wojciecha (30 r. \u015bl.), 11.00 &#8211; Msza dzi\u0119kczynno &#8211; b\u0142agalna w rodzinie Brygidy i Krzysztofa (r. \u015bl.), poniedzia\u0142ek &#8211; 18.00 &#8211; o zdrowie i Bo\u017ce b\u0142ogos\u0142awie\u0144stwo dla El\u017cbiety, wtorek [&hellip;]<\/p>\n","protected":false},"author":1,"featured_media":887,"comment_status":"open","ping_status":"open","sticky":false,"template":"","format":"standard","meta":{"footnotes":""},"categories":[11],"tags":[],"class_list":["post-871","post","type-post","status-publish","format-standard","has-post-thumbnail","hentry","category-intencje"],"_links":{"self":[{"href":"https:\/\/www.parafiaborzytuchom.pl\/index.php?rest_route=\/wp\/v2\/posts\/871","targetHints":{"allow":["GET"]}}],"collection":[{"href":"https:\/\/www.parafiaborzytuchom.pl\/index.php?rest_route=\/wp\/v2\/posts"}],"about":[{"href":"https:\/\/www.parafiaborzytuchom.pl\/index.php?rest_route=\/wp\/v2\/types\/post"}],"author":[{"embeddable":true,"href":"https:\/\/www.parafiaborzytuchom.pl\/index.php?rest_route=\/wp\/v2\/users\/1"}],"replies":[{"embeddable":true,"href":"https:\/\/www.parafiaborzytuchom.pl\/index.php?rest_route=%2Fwp%2Fv2%2Fcomments&post=871"}],"version-history":[{"count":116,"href":"https:\/\/www.parafiaborzytuchom.pl\/index.php?rest_route=\/wp\/v2\/posts\/871\/revisions"}],"predecessor-version":[{"id":1860,"href":"https:\/\/www.parafiaborzytuchom.pl\/index.php?rest_route=\/wp\/v2\/posts\/871\/revisions\/1860"}],"wp:featuredmedia":[{"embeddable":true,"href":"https:\/\/www.parafiaborzytuchom.pl\/index.php?rest_route=\/wp\/v2\/media\/887"}],"wp:attachment":[{"href":"https:\/\/www.parafiaborzytuchom.pl\/index.php?rest_route=%2Fwp%2Fv2%2Fmedia&parent=871"}],"wp:term":[{"taxonomy":"category","embeddable":true,"href":"https:\/\/www.parafiaborzytuchom.pl\/index.php?rest_route=%2Fwp%2Fv2%2Fcategories&post=871"},{"taxonomy":"post_tag","embeddable":true,"href":"https:\/\/www.parafiaborzytuchom.pl\/index.php?rest_route=%2Fwp%2Fv2%2Ftags&post=871"}],"curies":[{"name":"wp","href":"https:\/\/api.w.org\/{rel}","templated":true}]}}