{"id":847,"date":"2024-09-03T11:42:26","date_gmt":"2024-09-03T11:42:26","guid":{"rendered":"https:\/\/www.parafiaborzytuchom.pl\/?p=847"},"modified":"2025-03-01T16:37:59","modified_gmt":"2025-03-01T16:37:59","slug":"schola-parafialna","status":"publish","type":"post","link":"https:\/\/www.parafiaborzytuchom.pl\/?p=847","title":{"rendered":"Schola parafialna"},"content":{"rendered":"\n<p>Co oznacza s\u0142owo \u201cschola\u201d? Termin \u201cschola\u201d wywodzi si\u0119 od \u0142aci\u0144skiego schola cantorum, czyli szko\u0142y \u015bpiewak\u00f3w za\u0142o\u017conej przez papie\u017ca Grzegorza I Wielkiego. Jej g\u0142\u00f3wnym celem by\u0142a nauka wykonywania chora\u0142u gregoria\u0144skiego. Wraz z rozwojem muzyki sakralnej jednog\u0142osowy \u015bpiew stopniowo ust\u0119powa\u0142 miejsca wielog\u0142osowo\u015bci. Wsp\u00f3\u0142cze\u015bnie okre\u015blenie \u201cschola\u201d odnosi si\u0119 do zespo\u0142u wokalnego dzia\u0142aj\u0105cego przy parafii, kt\u00f3rego rol\u0105 jest wspieranie i prowadzenie \u015bpiewu podczas liturgii.<br>Do\u0142\u0105cz do naszej scholi parafialnej! \ud83c\udfb6\u2728<\/p>\n\n\n\n<p>Chcesz \u015bpiewa\u0107 na chwa\u0142\u0119 Boga i wsp\u00f3\u0142tworzy\u0107 pi\u0119kno liturgii? Nasza schola parafialna serdecznie zaprasza ch\u0119tne dzieci!<\/p>\n\n\n\n<p>Co robimy?<br>\ud83c\udfb5 \u015apiewamy podczas Mszy \u015awi\u0119tych i nabo\u017ce\u0144stw<br>\ud83c\udfb6 Uczymy si\u0119 nowych pie\u015bni i rozwijamy swoje umiej\u0119tno\u015bci wokalne<br>\ud83d\ude4f Tworzymy wsp\u00f3lnot\u0119 dzieci, kt\u00f3rzy kochaj\u0105 muzyk\u0119 i modlitw\u0119<\/p>\n\n\n\n<p>Jak do nas do\u0142\u0105czy\u0107?<br>\ud83d\udc49 Wystarczy przyj\u015b\u0107 na jedn\u0105 z pr\u00f3b i zobaczy\u0107, jak wygl\u0105da nasza wsp\u00f3lna praca!<br>\ud83d\udcc5 Pr\u00f3by odbywaj\u0105 si\u0119 w pierwszy czwartek miesi\u0105ca, 17:30, Gminny O\u015brodek Kultury w Borzytuchomiu.<br>\ud83d\udce9 Mo\u017cesz te\u017c skontaktowa\u0107 si\u0119 z p. <strong>Agat\u0105 Czapiewsk\u0105<\/strong> &#8211; opiekun scholi pod numerem 781127396 lub napisa\u0107 wiadomo\u015b\u0107<\/p>\n\n\n\n<p>Nie musisz by\u0107 profesjonalnym muzykiem \u2013 wystarczy ch\u0119\u0107 do \u015bpiewania i otwarte serce! Do\u0142\u0105cz do nas i razem uwielbiajmy Boga \u015bpiewem!<\/p>\n\n\n\n<figure class=\"wp-block-image size-full\"><img decoding=\"async\" src=\"https:\/\/www.parafiaborzytuchom.pl\/wp-content\/uploads\/2024\/09\/proby-scholi.jpg\" alt=\"\" class=\"wp-image-1358\" \/><\/figure>\n\n\n\n<figure class=\"wp-block-image size-large\"><img decoding=\"async\" src=\"https:\/\/www.parafiaborzytuchom.pl\/wp-content\/uploads\/2024\/09\/schola-1-724x1024.jpg\" alt=\"\" class=\"wp-image-1360\" \/><\/figure>\n","protected":false},"excerpt":{"rendered":"<p>Co oznacza s\u0142owo \u201cschola\u201d? Termin \u201cschola\u201d wywodzi si\u0119 od \u0142aci\u0144skiego schola cantorum, czyli szko\u0142y \u015bpiewak\u00f3w za\u0142o\u017conej przez papie\u017ca Grzegorza I Wielkiego. Jej g\u0142\u00f3wnym celem by\u0142a nauka wykonywania chora\u0142u gregoria\u0144skiego. Wraz z rozwojem muzyki sakralnej jednog\u0142osowy \u015bpiew stopniowo ust\u0119powa\u0142 miejsca wielog\u0142osowo\u015bci. Wsp\u00f3\u0142cze\u015bnie okre\u015blenie \u201cschola\u201d odnosi si\u0119 do zespo\u0142u wokalnego dzia\u0142aj\u0105cego przy parafii, kt\u00f3rego rol\u0105 jest wspieranie [&hellip;]<\/p>\n","protected":false},"author":1,"featured_media":0,"comment_status":"closed","ping_status":"open","sticky":false,"template":"","format":"standard","meta":{"footnotes":""},"categories":[6],"tags":[],"class_list":["post-847","post","type-post","status-publish","format-standard","hentry","category-grupyparafialne"],"_links":{"self":[{"href":"https:\/\/www.parafiaborzytuchom.pl\/index.php?rest_route=\/wp\/v2\/posts\/847","targetHints":{"allow":["GET"]}}],"collection":[{"href":"https:\/\/www.parafiaborzytuchom.pl\/index.php?rest_route=\/wp\/v2\/posts"}],"about":[{"href":"https:\/\/www.parafiaborzytuchom.pl\/index.php?rest_route=\/wp\/v2\/types\/post"}],"author":[{"embeddable":true,"href":"https:\/\/www.parafiaborzytuchom.pl\/index.php?rest_route=\/wp\/v2\/users\/1"}],"replies":[{"embeddable":true,"href":"https:\/\/www.parafiaborzytuchom.pl\/index.php?rest_route=%2Fwp%2Fv2%2Fcomments&post=847"}],"version-history":[{"count":5,"href":"https:\/\/www.parafiaborzytuchom.pl\/index.php?rest_route=\/wp\/v2\/posts\/847\/revisions"}],"predecessor-version":[{"id":1361,"href":"https:\/\/www.parafiaborzytuchom.pl\/index.php?rest_route=\/wp\/v2\/posts\/847\/revisions\/1361"}],"wp:attachment":[{"href":"https:\/\/www.parafiaborzytuchom.pl\/index.php?rest_route=%2Fwp%2Fv2%2Fmedia&parent=847"}],"wp:term":[{"taxonomy":"category","embeddable":true,"href":"https:\/\/www.parafiaborzytuchom.pl\/index.php?rest_route=%2Fwp%2Fv2%2Fcategories&post=847"},{"taxonomy":"post_tag","embeddable":true,"href":"https:\/\/www.parafiaborzytuchom.pl\/index.php?rest_route=%2Fwp%2Fv2%2Ftags&post=847"}],"curies":[{"name":"wp","href":"https:\/\/api.w.org\/{rel}","templated":true}]}}