{"id":845,"date":"2025-02-28T08:59:08","date_gmt":"2025-02-28T08:59:08","guid":{"rendered":"https:\/\/www.parafiaborzytuchom.pl\/?p=845"},"modified":"2025-02-28T08:59:09","modified_gmt":"2025-02-28T08:59:09","slug":"krag-biblijny","status":"publish","type":"post","link":"https:\/\/www.parafiaborzytuchom.pl\/?p=845","title":{"rendered":"Kr\u0105g biblijny"},"content":{"rendered":"\n<p><strong>Kr\u0105g Biblijny &#8211;<\/strong> jest wsp\u00f3lnot\u0105 ludzi, kt\u00f3rzy chc\u0105 pog\u0142\u0119bia\u0107 swoj\u0105 znajomo\u015b\u0107 Pisma \u015awi\u0119tego. Czytaj\u0105c i rozwa\u017caj\u0105c Pismo \u015awi\u0119te z pomoc\u0105 kap\u0142ana, dowiadujemy si\u0119 nie tylko o znaczeniu przeczytanych tekst\u00f3w dla nas \u017cyj\u0105cych wsp\u00f3\u0142cze\u015bnie, ale r\u00f3wnie\u017c co one oznacza\u0142y dla pierwszych jego odbiorc\u00f3w.\u00a0 Om\u00f3wienie opisanych wydarze\u0144, zwyczaj\u00f3w i post\u0119powania ludzi pozwalaj\u0105 zrozumie\u0107 co B\u00f3g chce powiedzie\u0107 cz\u0142owiekowi. Przez udzia\u0142 w spotkaniach Kr\u0119gu Biblijnego czujemy si\u0119 bardziej zwi\u0105zani z nasz\u0105 wsp\u00f3lnot\u0105 parafialn\u0105 uczestnicz\u0105c w jej \u017cyciu religijnym.<\/p>\n\n\n\n<p><br>Spotkania rozpoczynamy od\u00a0 modlitwy do Ducha \u015awi\u0119tego. Otwarcie si\u0119 na Jego dary powoduje, \u017ce czytaj\u0105c Pismo \u015aw. w \u0142\u0105czno\u015bci z Ko\u015bcio\u0142em, ka\u017cdy uczestnik spotka\u0144, dzi\u0119ki swej wra\u017cliwo\u015bci, odkrywa w tek\u015bcie co\u015b innego, co\u015b co dla niego jest istotne. Mo\u017cliwo\u015b\u0107 dzielenia si\u0119 swoimi spostrze\u017ceniami sk\u0142ania nas do refleksji<br>i otwiera na \u0142aski Boga. Niezmiernie wa\u017cne jest, aby rozwa\u017cane S\u0142owo Bo\u017ce wprowadza\u0107 w \u017cycie. St\u0105d czytaj\u0105cy Bibli\u0119 cz\u0119sto stawiaj\u0105 sobie pytanie: co B\u00f3g chcia\u0142 mi przez to powiedzie\u0107?<\/p>\n\n\n\n<p><br>Spotkania Kr\u0119gu biblijnego w naszej parafii odbywa\u0142y si\u0119 od maja 2024 roku, w trzeci\u0105 \u015brod\u0119 miesi\u0105ca. Od lutego 2025 spotkania zosta\u0142y przesuni\u0119te na trzeci czwartek miesi\u0105ca. Uczestniczy w nich oko\u0142o 8 &#8211; 14 os\u00f3b. Kr\u0105g Biblijny przygotowuje r\u00f3wnie\u017c rozwa\u017cania i \u015bpiew na godzinn\u0105 Adoracj\u0119 Naj\u015bwi\u0119tszego Sakramentu w ka\u017cdy pierwszy czwartek miesi\u0105ca, po Mszy \u015awi\u0119tej wieczornej.<\/p>\n","protected":false},"excerpt":{"rendered":"<p>Kr\u0105g Biblijny &#8211; jest wsp\u00f3lnot\u0105 ludzi, kt\u00f3rzy chc\u0105 pog\u0142\u0119bia\u0107 swoj\u0105 znajomo\u015b\u0107 Pisma \u015awi\u0119tego. Czytaj\u0105c i rozwa\u017caj\u0105c Pismo \u015awi\u0119te z pomoc\u0105 kap\u0142ana, dowiadujemy si\u0119 nie tylko o znaczeniu przeczytanych tekst\u00f3w dla nas \u017cyj\u0105cych wsp\u00f3\u0142cze\u015bnie, ale r\u00f3wnie\u017c co one oznacza\u0142y dla pierwszych jego odbiorc\u00f3w.\u00a0 Om\u00f3wienie opisanych wydarze\u0144, zwyczaj\u00f3w i post\u0119powania ludzi pozwalaj\u0105 zrozumie\u0107 co B\u00f3g chce powiedzie\u0107 [&hellip;]<\/p>\n","protected":false},"author":1,"featured_media":0,"comment_status":"closed","ping_status":"open","sticky":false,"template":"","format":"standard","meta":{"footnotes":""},"categories":[6],"tags":[],"class_list":["post-845","post","type-post","status-publish","format-standard","hentry","category-grupyparafialne"],"_links":{"self":[{"href":"https:\/\/www.parafiaborzytuchom.pl\/index.php?rest_route=\/wp\/v2\/posts\/845","targetHints":{"allow":["GET"]}}],"collection":[{"href":"https:\/\/www.parafiaborzytuchom.pl\/index.php?rest_route=\/wp\/v2\/posts"}],"about":[{"href":"https:\/\/www.parafiaborzytuchom.pl\/index.php?rest_route=\/wp\/v2\/types\/post"}],"author":[{"embeddable":true,"href":"https:\/\/www.parafiaborzytuchom.pl\/index.php?rest_route=\/wp\/v2\/users\/1"}],"replies":[{"embeddable":true,"href":"https:\/\/www.parafiaborzytuchom.pl\/index.php?rest_route=%2Fwp%2Fv2%2Fcomments&post=845"}],"version-history":[{"count":2,"href":"https:\/\/www.parafiaborzytuchom.pl\/index.php?rest_route=\/wp\/v2\/posts\/845\/revisions"}],"predecessor-version":[{"id":1323,"href":"https:\/\/www.parafiaborzytuchom.pl\/index.php?rest_route=\/wp\/v2\/posts\/845\/revisions\/1323"}],"wp:attachment":[{"href":"https:\/\/www.parafiaborzytuchom.pl\/index.php?rest_route=%2Fwp%2Fv2%2Fmedia&parent=845"}],"wp:term":[{"taxonomy":"category","embeddable":true,"href":"https:\/\/www.parafiaborzytuchom.pl\/index.php?rest_route=%2Fwp%2Fv2%2Fcategories&post=845"},{"taxonomy":"post_tag","embeddable":true,"href":"https:\/\/www.parafiaborzytuchom.pl\/index.php?rest_route=%2Fwp%2Fv2%2Ftags&post=845"}],"curies":[{"name":"wp","href":"https:\/\/api.w.org\/{rel}","templated":true}]}}