{"id":841,"date":"2025-02-28T11:11:25","date_gmt":"2025-02-28T11:11:25","guid":{"rendered":"https:\/\/www.parafiaborzytuchom.pl\/?p=841"},"modified":"2025-03-02T09:30:07","modified_gmt":"2025-03-02T09:30:07","slug":"margaretki","status":"publish","type":"post","link":"https:\/\/www.parafiaborzytuchom.pl\/?p=841","title":{"rendered":"Margaretki"},"content":{"rendered":"\n<p><strong>Apostolat Margaretka<\/strong> \u2013 to ruch os\u00f3b modl\u0105cych za kap\u0142an\u00f3w, kt\u00f3ry powsta\u0142 w Kanadzie w 1981 roku. Jego podstawow\u0105 kom\u00f3rk\u0105 jest tzw. margaretka. Jest to grupa modlitewna w intencji konkretnego kap\u0142ana, kt\u00f3ra sw\u0105 nazw\u0119 zaczerpn\u0119\u0142a od nazwy kwiatu. Siedem p\u0142atk\u00f3w reprezentuje siedem os\u00f3b, kt\u00f3re zobowi\u0105za\u0142y si\u0119 do modlitwy za wybranego ksi\u0119dza, ka\u017cda w <strong>jednym dniu tygodnia<\/strong>.&nbsp;<\/p>\n\n\n\n<p>W margaretce modlimy si\u0119 do ko\u0144ca swojego \u017cycia: dziesi\u0105tk\u0105 r\u00f3\u017ca\u0144ca, koronk\u0105 Pokoju lub koronk\u0105 do Bo\u017cego mi\u0142osierdzia.<\/p>\n\n\n\n<p>W naszej parafii powsta\u0142o 6 margaretek, w tym 2 modl\u0105ce si\u0119 za ksi\u0119dza kan. Jana Cio\u0142ka i 4 za ks. proboszcza Janusza Pawlaka.<\/p>\n\n\n\n<p><\/p>\n","protected":false},"excerpt":{"rendered":"<p>Apostolat Margaretka \u2013 to ruch os\u00f3b modl\u0105cych za kap\u0142an\u00f3w, kt\u00f3ry powsta\u0142 w Kanadzie w 1981 roku. Jego podstawow\u0105 kom\u00f3rk\u0105 jest tzw. margaretka. Jest to grupa modlitewna w intencji konkretnego kap\u0142ana, kt\u00f3ra sw\u0105 nazw\u0119 zaczerpn\u0119\u0142a od nazwy kwiatu. Siedem p\u0142atk\u00f3w reprezentuje siedem os\u00f3b, kt\u00f3re zobowi\u0105za\u0142y si\u0119 do modlitwy za wybranego ksi\u0119dza, ka\u017cda w jednym dniu tygodnia.&nbsp; [&hellip;]<\/p>\n","protected":false},"author":1,"featured_media":0,"comment_status":"closed","ping_status":"open","sticky":false,"template":"","format":"standard","meta":{"footnotes":""},"categories":[6],"tags":[],"class_list":["post-841","post","type-post","status-publish","format-standard","hentry","category-grupyparafialne"],"_links":{"self":[{"href":"https:\/\/www.parafiaborzytuchom.pl\/index.php?rest_route=\/wp\/v2\/posts\/841","targetHints":{"allow":["GET"]}}],"collection":[{"href":"https:\/\/www.parafiaborzytuchom.pl\/index.php?rest_route=\/wp\/v2\/posts"}],"about":[{"href":"https:\/\/www.parafiaborzytuchom.pl\/index.php?rest_route=\/wp\/v2\/types\/post"}],"author":[{"embeddable":true,"href":"https:\/\/www.parafiaborzytuchom.pl\/index.php?rest_route=\/wp\/v2\/users\/1"}],"replies":[{"embeddable":true,"href":"https:\/\/www.parafiaborzytuchom.pl\/index.php?rest_route=%2Fwp%2Fv2%2Fcomments&post=841"}],"version-history":[{"count":2,"href":"https:\/\/www.parafiaborzytuchom.pl\/index.php?rest_route=\/wp\/v2\/posts\/841\/revisions"}],"predecessor-version":[{"id":1328,"href":"https:\/\/www.parafiaborzytuchom.pl\/index.php?rest_route=\/wp\/v2\/posts\/841\/revisions\/1328"}],"wp:attachment":[{"href":"https:\/\/www.parafiaborzytuchom.pl\/index.php?rest_route=%2Fwp%2Fv2%2Fmedia&parent=841"}],"wp:term":[{"taxonomy":"category","embeddable":true,"href":"https:\/\/www.parafiaborzytuchom.pl\/index.php?rest_route=%2Fwp%2Fv2%2Fcategories&post=841"},{"taxonomy":"post_tag","embeddable":true,"href":"https:\/\/www.parafiaborzytuchom.pl\/index.php?rest_route=%2Fwp%2Fv2%2Ftags&post=841"}],"curies":[{"name":"wp","href":"https:\/\/api.w.org\/{rel}","templated":true}]}}