{"id":839,"date":"2025-02-28T08:16:41","date_gmt":"2025-02-28T08:16:41","guid":{"rendered":"https:\/\/www.parafiaborzytuchom.pl\/?p=839"},"modified":"2025-03-02T09:50:08","modified_gmt":"2025-03-02T09:50:08","slug":"kregi-rodzin-matki-bozej-pielgrzymujacej","status":"publish","type":"post","link":"https:\/\/www.parafiaborzytuchom.pl\/?p=839","title":{"rendered":"Kr\u0119gi rodzin Matki Bo\u017cej Pielgrzymuj\u0105cej"},"content":{"rendered":"\n<p><strong>Apostolat&nbsp; Matki Bo\u017cej Pielgrzymuj\u0105cej<\/strong><\/p>\n\n\n\n<p>To duszpasterska inicjatywa Ruchu Szensztackiego, kt\u00f3ra jest jedn\u0105 z wielu form nowej ewangelizacji. Apostolat zrodzi\u0142 si\u0119 w Brazylii w 1950 roku z potrzeby serca S\u0142ugi Bo\u017cego Jana Luiza Pozzobona, ojca rodziny i diakona. Inspirowany duchowo\u015bci\u0105 Ruchu Szensztackiego, kt\u00f3ry pragn\u0105\u0142 o\u017cywi\u0107 religijne \u017cycie parafii oraz rodzin zw\u0142aszcza przez kontakt z szensztackim sanktuarium.<\/p>\n\n\n\n<p>Matka Bo\u017ca w Pielgrzymuj\u0105cym Sanktuarium (obraz w kszta\u0142cie kapliczki ), raz w miesi\u0105cu nawiedza domy w kr\u0119gu 7-15 rodzin, pozostaj\u0105c w nich przez kilka dni. Jej obecno\u015b\u0107, jako Matki i Wychowawczyni zach\u0119ca do wsp\u00f3lnej modlitwy, wyciszenia spor\u00f3w, wa\u015bni, nieporozumie\u0144, znalezienia czasu dla siebie, rodziny, znajomych, oraz na\u015bladowania Jej postawy i odkrywania Boga w codziennym \u017cyciu.<\/p>\n\n\n\n<p>Apostolat znany jest na ca\u0142ym \u015bwiecie, miliony rodzin przyjmuj\u0105 Maryj\u0119 w swoich domach. &nbsp; W Polsce istnieje ponad 2 tysi\u0105ce kr\u0119g\u00f3w, kt\u00f3re dzia\u0142aj\u0105 w 32 diecezjach,<br>w 470 parafiach.&nbsp;<\/p>\n\n\n\n<p><strong>W naszej parafii apostolat jest obecny od 2015 roku, powsta\u0142o 9 kr\u0119g\u00f3w obejmuj\u0105cych 111 rodzin.&nbsp;<\/strong><\/p>\n\n\n\n<p>Kapliczka powinna raz w miesi\u0105cu odwiedzi\u0107 ka\u017cd\u0105 rodzin\u0119 czy osoby z kr\u0119gu. Zostaje na dwa (15 rodzin w kr\u0119gu) lub trzy dni (10 rodzin) u ka\u017cdej rodziny. Osoba odpowiedzialna za kr\u0105g (opiekun kr\u0119gu) ustala list\u0119, wed\u0142ug kt\u00f3rej rodzina przekazuje kapliczk\u0119. Obraz Matki Bo\u017cej Trzykro\u0107 Przedziwnej umieszczamy tam, gdzie toczy si\u0119 \u017cycie rodzinne: przy wsp\u00f3lnym stole, w kuchni lub w pokoju, gdzie bawi\u0105 si\u0119 dzieci. Dobrze jest zapali\u0107 \u015bwiec\u0119 i postawi\u0107 \u015bwie\u017ce kwiaty. Ka\u017cda kapliczka posiada futera\u0142 oraz ksi\u0105\u017ck\u0119 z podanymi propozycjami rozwa\u017ca\u0144 i modlitw. Dni, w kt\u00f3rych Matka Bo\u017ca go\u015bci w rodzinie s\u0105 rodzinnym \u015bwi\u0119tem, okazj\u0105, aby wi\u0119cej czasu po\u015bwi\u0119ci\u0107 na kontakt z najbli\u017cszymi, na wsp\u00f3ln\u0105 i prywatn\u0105 modlitw\u0119. Pi\u0119knym zwyczajem cz\u0142onk\u00f3w kr\u0119g\u00f3w jest uczestniczenie raz w miesi\u0105cu (u nas w pierwsz\u0105 sobot\u0119 miesi\u0105ca) we wsp\u00f3lnej Mszy \u015bw., na kt\u00f3r\u0105 przynosimy przed o\u0142tarz kapliczki Matki Bo\u017cej. Jest to okazja do wsp\u00f3lnej modlitwy wszystkich rodzin z kr\u0119g\u00f3w.<\/p>\n\n\n\n<p><br>W naszej parafii opiekunami kr\u0119g\u00f3w s\u0105: Maria Bazner, Beata Gawdzik, Lucyna Kososwska, Janina Jazowska, Aleksandra Manikowska, Gabriela Meyer, Aleksandra Pepli\u0144ska, Hanna Toczek, Urszula Zaborowska. Koordynatorem apostolatu: Aleksandra Pepli\u0144ska.<\/p>\n\n\n\n<figure class=\"wp-block-gallery has-nested-images columns-default is-cropped wp-block-gallery-1 is-layout-flex wp-block-gallery-is-layout-flex\">\n<figure class=\"wp-block-image size-large\"><img fetchpriority=\"high\" decoding=\"async\" width=\"768\" height=\"1024\" data-id=\"1348\" src=\"https:\/\/www.parafiaborzytuchom.pl\/wp-content\/uploads\/2025\/03\/MBP2-768x1024.jpg\" alt=\"\" class=\"wp-image-1348\" srcset=\"https:\/\/www.parafiaborzytuchom.pl\/wp-content\/uploads\/2025\/03\/MBP2-768x1024.jpg 768w, https:\/\/www.parafiaborzytuchom.pl\/wp-content\/uploads\/2025\/03\/MBP2-225x300.jpg 225w, https:\/\/www.parafiaborzytuchom.pl\/wp-content\/uploads\/2025\/03\/MBP2-1152x1536.jpg 1152w, https:\/\/www.parafiaborzytuchom.pl\/wp-content\/uploads\/2025\/03\/MBP2.jpg 1200w\" sizes=\"(max-width: 768px) 100vw, 768px\" \/><\/figure>\n<\/figure>\n\n\n\n<figure class=\"wp-block-image size-large\"><img decoding=\"async\" width=\"1024\" height=\"768\" src=\"https:\/\/www.parafiaborzytuchom.pl\/wp-content\/uploads\/2025\/03\/MBP1-1024x768.jpg\" alt=\"\" class=\"wp-image-1347\" srcset=\"https:\/\/www.parafiaborzytuchom.pl\/wp-content\/uploads\/2025\/03\/MBP1-1024x768.jpg 1024w, https:\/\/www.parafiaborzytuchom.pl\/wp-content\/uploads\/2025\/03\/MBP1-300x225.jpg 300w, https:\/\/www.parafiaborzytuchom.pl\/wp-content\/uploads\/2025\/03\/MBP1-768x576.jpg 768w, https:\/\/www.parafiaborzytuchom.pl\/wp-content\/uploads\/2025\/03\/MBP1-1536x1152.jpg 1536w, https:\/\/www.parafiaborzytuchom.pl\/wp-content\/uploads\/2025\/03\/MBP1.jpg 2048w\" sizes=\"(max-width: 1024px) 100vw, 1024px\" \/><\/figure>\n","protected":false},"excerpt":{"rendered":"<p>Apostolat&nbsp; Matki Bo\u017cej Pielgrzymuj\u0105cej To duszpasterska inicjatywa Ruchu Szensztackiego, kt\u00f3ra jest jedn\u0105 z wielu form nowej ewangelizacji. Apostolat zrodzi\u0142 si\u0119 w Brazylii w 1950 roku z potrzeby serca S\u0142ugi Bo\u017cego Jana Luiza Pozzobona, ojca rodziny i diakona. Inspirowany duchowo\u015bci\u0105 Ruchu Szensztackiego, kt\u00f3ry pragn\u0105\u0142 o\u017cywi\u0107 religijne \u017cycie parafii oraz rodzin zw\u0142aszcza przez kontakt z szensztackim sanktuarium. [&hellip;]<\/p>\n","protected":false},"author":1,"featured_media":0,"comment_status":"closed","ping_status":"closed","sticky":false,"template":"","format":"standard","meta":{"footnotes":""},"categories":[6],"tags":[],"class_list":["post-839","post","type-post","status-publish","format-standard","hentry","category-grupyparafialne"],"_links":{"self":[{"href":"https:\/\/www.parafiaborzytuchom.pl\/index.php?rest_route=\/wp\/v2\/posts\/839","targetHints":{"allow":["GET"]}}],"collection":[{"href":"https:\/\/www.parafiaborzytuchom.pl\/index.php?rest_route=\/wp\/v2\/posts"}],"about":[{"href":"https:\/\/www.parafiaborzytuchom.pl\/index.php?rest_route=\/wp\/v2\/types\/post"}],"author":[{"embeddable":true,"href":"https:\/\/www.parafiaborzytuchom.pl\/index.php?rest_route=\/wp\/v2\/users\/1"}],"replies":[{"embeddable":true,"href":"https:\/\/www.parafiaborzytuchom.pl\/index.php?rest_route=%2Fwp%2Fv2%2Fcomments&post=839"}],"version-history":[{"count":4,"href":"https:\/\/www.parafiaborzytuchom.pl\/index.php?rest_route=\/wp\/v2\/posts\/839\/revisions"}],"predecessor-version":[{"id":1353,"href":"https:\/\/www.parafiaborzytuchom.pl\/index.php?rest_route=\/wp\/v2\/posts\/839\/revisions\/1353"}],"wp:attachment":[{"href":"https:\/\/www.parafiaborzytuchom.pl\/index.php?rest_route=%2Fwp%2Fv2%2Fmedia&parent=839"}],"wp:term":[{"taxonomy":"category","embeddable":true,"href":"https:\/\/www.parafiaborzytuchom.pl\/index.php?rest_route=%2Fwp%2Fv2%2Fcategories&post=839"},{"taxonomy":"post_tag","embeddable":true,"href":"https:\/\/www.parafiaborzytuchom.pl\/index.php?rest_route=%2Fwp%2Fv2%2Ftags&post=839"}],"curies":[{"name":"wp","href":"https:\/\/api.w.org\/{rel}","templated":true}]}}