{"id":567,"date":"2026-04-25T18:16:03","date_gmt":"2026-04-25T18:16:03","guid":{"rendered":"https:\/\/www.parafiaborzytuchom.pl\/?p=567"},"modified":"2026-04-25T18:24:10","modified_gmt":"2026-04-25T18:24:10","slug":"ogloszenia-duszpasterskie-8-12-2024-r","status":"publish","type":"post","link":"https:\/\/www.parafiaborzytuchom.pl\/?p=567","title":{"rendered":"Og\u0142oszenia duszpasterskie 26.04.2026 r."},"content":{"rendered":"\n<p><\/p>\n\n\n\n<p>1. Dzisiejsz\u0105 w Niedziel\u0119 <strong>Dobrego Pasterza,<\/strong> prze\u017cywamy jako \u015awiatowy Dzie\u0144 Modlitw o Powo\u0142ania.<\/p>\n\n\n\n<p>2. O godzinie 11.00 na Msz\u0119 \u015bw. zapraszam <strong>rodziny z m\u0142odszymi dzie\u0107mi<\/strong>.<\/p>\n\n\n\n<p>3. Bardzo dzi\u0119kuj\u0119 m\u0142odzie\u017cy z <strong>klasy 8<\/strong> i rodzicom za pomoc i opiek\u0119 podczas <strong>rekolekcji ewangelizacyjnych<\/strong> w Ko\u0142czyg\u0142owach.<\/p>\n\n\n\n<p>4. Bardzo <strong>dzi\u0119kujemy p. Urszuli i wszystkim pomocnikom<\/strong> za posprz\u0105tanie i przygotowanie naszej parafialnej \u015bwi\u0105tyni do modlitwy w tym miejscu. Doceniamy te kilkadziesi\u0105t godzin pracy w czasie remontu wewn\u0105trz ko\u015bcio\u0142a i po jego zako\u0144czeniu.<\/p>\n\n\n\n<p>5. W <strong>I pi\u0105tek<\/strong> (1.05.) rozpoczniemy maryjny miesi\u0105c \u2013 <strong>maj<\/strong>. Codziennie b\u0119dziemy gromadzi\u0107 si\u0119 w naszych miejscowo\u015bciach wok\u00f3\u0142 krzy\u017cy i figur Matki Bo\u017cej na nabo\u017ce\u0144stwie majowym. W ko\u015bciele parafialnym Msze \u015bw. o godz. 17.15 i 18.00 a <strong>nabo\u017ce\u0144stwo majowe<\/strong> o godzinie <strong>17.45<\/strong>.<\/p>\n\n\n\n<p><strong>Chorych<\/strong> odwiedz\u0119 od godziny <strong>8.00<\/strong>.<strong> Spowied\u017a w 1 pi\u0105tek maja od 17.30<\/strong>.<\/p>\n\n\n\n<p>6. Zach\u0119cam tak\u017ce do podtrzymania zwyczaju \u015bpiewania <strong>litanii loreta\u0144skiej<\/strong> i pie\u015bni maryjnych <strong>przy kapliczkach przydro\u017cnych<\/strong> w naszych wszystkich so\u0142ectwach.<\/p>\n\n\n\n<p>7. <strong>Dzi\u0119kuj\u0119 Parafianom za trosk\u0119 o nasze przydro\u017cne krzy\u017ce<\/strong>, kapliczki i figurki Matki Bo\u017cej. Wszystkie wiosennie porz\u0105dki, naprawy i dekoracje przy tych Bo\u017cych m\u0119kach s\u0105 wyrazem wiary i wra\u017cliwo\u015bci na pi\u0119kno naszych miejscowo\u015bci i ca\u0142ej Parafii.<\/p>\n\n\n\n<p>8. W <strong>I sobot\u0119<\/strong> (2.05.) przypada <em>Dzie\u0144 Polonii oraz Dzie\u0144 Flagi Narodowej<\/em>. Modlitw\u0105 ogarniemy rodak\u00f3w \u017cyj\u0105cych poza granicami naszej Ojczyzny. Nie zapomnijmy te\u017c o&nbsp;wywieszeniu flag, by w ten spos\u00f3b zademonstrowa\u0107 nasze przywi\u0105zanie do barw narodowych.<\/p>\n\n\n\n<p>9. Biskup pelpli\u0144ski Ryszard Kasyna udzieli\u0142 <strong>dyspensy<\/strong> od obowi\u0105zku zachowania wstrzemi\u0119\u017aliwo\u015bci od pokarm\u00f3w mi\u0119snych w <strong>pi\u0105tek, 1 maja<\/strong> 2026 r.<\/p>\n\n\n\n<p>10. W <strong>sobot\u0119<\/strong>, 2 maja, o godz. 17.45 nabo\u017ce\u0144stwo majowe, p<strong>o Mszy <\/strong>wystawienie Naj\u015bw. Sakramentu i <strong>nabo\u017ce\u0144stwo pierwszosobotnie<\/strong> po\u0142\u0105czone z r\u00f3\u017ca\u0144cem.<\/p>\n\n\n\n<p>11. W <strong>niedziel\u0119<\/strong>, 3 maja, na godzin\u0119 <strong>11.00<\/strong> zapraszam serdecznie wszystkich <strong>druh\u00f3w stra\u017cak\u00f3w<\/strong> z gminy Borzytuchom z rodzinami. Po Mszy \u015bw. cz\u0119\u015b\u0107 artystyczna przy ko\u015bciele.<\/p>\n\n\n\n<p>12. Zapowied\u017a przed\u015blubna: Wojciech Dorszy\u0144ski z Jutrzenki i Gra\u017cyna El\u017cbieta Treder z Borzytuchomia,<\/p>\n\n\n\n<p>13. W tym tygodniu patronuj\u0105 nam w kalendarzu liturgicznym:<\/p>\n\n\n\n<p>&#8211; we <strong>wtorek<\/strong> &#8211; \u015bw. <strong>Katarzyna Siene\u0144ska<\/strong> (1347-1380), dziewica i doktor Ko\u015bcio\u0142a, w 1999 roku \u015awi\u0119ty Jan Pawe\u0142 II og\u0142osi\u0142 j\u0105 wsp\u00f3\u0142patronk\u0105 Europy;<\/p>\n\n\n\n<p>&#8211; w <strong>czwartek<\/strong> &#8211; \u015bw. <strong>Pius V<\/strong> (1504-1572), papie\u017c.<\/p>\n\n\n\n<p>&#8211; w <strong>pi\u0105tek<\/strong> (1.05.) &#8211; <strong>\u015bw. J\u00f3zef<\/strong>, robotnik,<\/p>\n\n\n\n<p>14. Duszpasterstwo <strong>M\u0142odzie\u017cy Diecezji Pelpli\u0144skiej<\/strong> organizuje w tym roku dwa sp\u0142ywy kajakowe szlakiem \u015bw. Jana Paw\u0142a II:<\/p>\n\n\n\n<p><strong>22 \u2013 24 maja rzek\u0105 Brd\u0105<\/strong> dla os\u00f3b z do\u015bwiadczeniem kajakowym i dobr\u0105 kondycj\u0105 fizyczn\u0105 na odcinku: Jezioro G\u0142\u0119bokie \u2013 S\u0105polno, organizator: ks. Mateusz Pryczkowski, tel. 690 521 561;<\/p>\n\n\n\n<p><strong>29 \u2013 31 maja rzek\u0105 Wd\u0105<\/strong> dla wszystkich na odcinku: Borzechowo \u2013 B\u0142\u0119dno, organizatorzy: ks. Maciej Gizela tel. 603&nbsp;517 588 oraz ks. Mateusz Szulc, tel. 888&nbsp;244&nbsp;046.<\/p>\n\n\n\n<p>Uczestnikami mo\u017ce by\u0107 m\u0142odzie\u017c powy\u017cej 15. roku \u017cycia. Koszt sp\u0142ywu wynosi: 150 z\u0142\/os. Liczba miejsc ograniczona. Decyduje kolejno\u015b\u0107 zg\u0142osze\u0144.<\/p>\n\n\n\n<p>Wi\u0119cej informacji oraz mo\u017cliwo\u015b\u0107 zapis\u00f3w na stronie&nbsp;<a href=\"http:\/\/www.tiny.cc\/splyw\">www.tiny.cc\/splyw<\/a><\/p>\n","protected":false},"excerpt":{"rendered":"<p>1. Dzisiejsz\u0105 w Niedziel\u0119 Dobrego Pasterza, prze\u017cywamy jako \u015awiatowy Dzie\u0144 Modlitw o Powo\u0142ania. 2. O godzinie 11.00 na Msz\u0119 \u015bw. zapraszam rodziny z m\u0142odszymi dzie\u0107mi. 3. Bardzo dzi\u0119kuj\u0119 m\u0142odzie\u017cy z klasy 8 i rodzicom za pomoc i opiek\u0119 podczas rekolekcji ewangelizacyjnych w Ko\u0142czyg\u0142owach. 4. Bardzo dzi\u0119kujemy p. Urszuli i wszystkim pomocnikom za posprz\u0105tanie i przygotowanie [&hellip;]<\/p>\n","protected":false},"author":1,"featured_media":886,"comment_status":"closed","ping_status":"closed","sticky":false,"template":"","format":"standard","meta":{"footnotes":""},"categories":[12],"tags":[],"class_list":["post-567","post","type-post","status-publish","format-standard","has-post-thumbnail","hentry","category-ogloszenia-parafialne"],"_links":{"self":[{"href":"https:\/\/www.parafiaborzytuchom.pl\/index.php?rest_route=\/wp\/v2\/posts\/567","targetHints":{"allow":["GET"]}}],"collection":[{"href":"https:\/\/www.parafiaborzytuchom.pl\/index.php?rest_route=\/wp\/v2\/posts"}],"about":[{"href":"https:\/\/www.parafiaborzytuchom.pl\/index.php?rest_route=\/wp\/v2\/types\/post"}],"author":[{"embeddable":true,"href":"https:\/\/www.parafiaborzytuchom.pl\/index.php?rest_route=\/wp\/v2\/users\/1"}],"replies":[{"embeddable":true,"href":"https:\/\/www.parafiaborzytuchom.pl\/index.php?rest_route=%2Fwp%2Fv2%2Fcomments&post=567"}],"version-history":[{"count":113,"href":"https:\/\/www.parafiaborzytuchom.pl\/index.php?rest_route=\/wp\/v2\/posts\/567\/revisions"}],"predecessor-version":[{"id":1862,"href":"https:\/\/www.parafiaborzytuchom.pl\/index.php?rest_route=\/wp\/v2\/posts\/567\/revisions\/1862"}],"wp:featuredmedia":[{"embeddable":true,"href":"https:\/\/www.parafiaborzytuchom.pl\/index.php?rest_route=\/wp\/v2\/media\/886"}],"wp:attachment":[{"href":"https:\/\/www.parafiaborzytuchom.pl\/index.php?rest_route=%2Fwp%2Fv2%2Fmedia&parent=567"}],"wp:term":[{"taxonomy":"category","embeddable":true,"href":"https:\/\/www.parafiaborzytuchom.pl\/index.php?rest_route=%2Fwp%2Fv2%2Fcategories&post=567"},{"taxonomy":"post_tag","embeddable":true,"href":"https:\/\/www.parafiaborzytuchom.pl\/index.php?rest_route=%2Fwp%2Fv2%2Ftags&post=567"}],"curies":[{"name":"wp","href":"https:\/\/api.w.org\/{rel}","templated":true}]}}