{"id":1504,"date":"2026-04-10T18:56:29","date_gmt":"2026-04-10T18:56:29","guid":{"rendered":"https:\/\/www.parafiaborzytuchom.pl\/?p=1504"},"modified":"2026-04-10T18:56:30","modified_gmt":"2026-04-10T18:56:30","slug":"koncert-piesni-postnej","status":"publish","type":"post","link":"https:\/\/www.parafiaborzytuchom.pl\/?p=1504","title":{"rendered":"Apel Biskupa Pelpli\u0144skiego"},"content":{"rendered":"\n<p><strong>Biskup Pelpli\u0144ski Ryszard Kasyna wzywa do solidarno\u015bci z Weronik\u0105 Krawczyk, mieszkank\u0105 naszej diecezji, matk\u0105 trojga dzieci, kt\u00f3rej grozi kara pozbawienia wolno\u015bci za bezkompromisow\u0105 postaw\u0119 w obronie \u017cycia. Pasterz diecezji apeluje do wiernych o modlitw\u0119 oraz wsparcie petycji o u\u0142askawienie skierowanej do Prezydenta RP, podkre\u015blaj\u0105c, \u017ce w dzisiejszych czasach \u015bwiadectwo prawdy staje si\u0119 aktem odwagi wymagaj\u0105cym wsp\u00f3lnego zaanga\u017cowania i modlitewnego wsparcia.<\/strong><\/p>\n\n\n\n<p><\/p>\n\n\n\n<p><strong>Drodzy Siostry i Bracia,<\/strong><\/p>\n\n\n\n<p>W Niedziel\u0119 Mi\u0142osierdzia, pragn\u0119 zwr\u00f3ci\u0107 Wasz\u0105 uwag\u0119 na spraw\u0119 Pani Weroniki Krawczyk, mieszkanki naszej diecezji, matki trojga dzieci, kt\u00f3ra w 2016 roku odm\u00f3wi\u0142a aborcji w\u0142asnego syna, a kilka lat p\u00f3\u017aniej odradzi\u0142a innemu ma\u0142\u017ce\u0144stwu korzystanie z&nbsp;us\u0142ug lekarza, kt\u00f3ry wcze\u015bniej namawia\u0142 j\u0105 do u\u015bmiercenia jej dziecka. Za te s\u0142owa prawdy zosta\u0142a skazana prawomocnym wyrokiem s\u0105du na prace spo\u0142eczne i&nbsp;zobowi\u0105zana do publicznego przeproszenia tego lekarza. Odmowa z\u0142o\u017cenia przeprosin grozi jej pozbawieniem wolno\u015bci. Zwr\u00f3ci\u0142em si\u0119 z&nbsp;pro\u015bb\u0105 do Prezydenta Rzeczypospolitej Polskiej o u\u0142askawienie Pani Weroniki. Prosz\u0119 was r\u00f3wnie\u017c o&nbsp;podpisanie petycji w tej sprawie, szczeg\u00f3\u0142y znajdziecie na stronie naszej diecezji i&nbsp;parafii.<\/p>\n\n\n\n<p>Jako Wasz Pasterz prosz\u0119 tak\u017ce: m\u00f3dlmy si\u0119 za Ni\u0105, za jej rodzin\u0119 i dzieci, aby B\u00f3g da\u0142 im si\u0142\u0119 i aby wymiar sprawiedliwo\u015bci nie skrzywdzi\u0142 niewinnej matki. Niech ta sprawa b\u0119dzie dla nas wszystkich przypomnieniem, \u017ce obrona \u017cycia bywa dzi\u015b aktem odwagi, kt\u00f3ry wymaga naszej solidarno\u015bci, modlitwy i zaanga\u017cowania.<\/p>\n\n\n\n<p>Na m\u0119\u017cne wyznawanie naszej wiary, z serca b\u0142ogos\u0142awi\u0119. Wasz Biskup Ryszard, Pelplin, 12 kwietnia 2026 r.<\/p>\n\n\n\n<p><\/p>\n\n\n\n<p><mark class=\"has-inline-color has-vivid-red-color\"><strong>Tutaj mo\u017cemy podpisa\u0107 petycj\u0119:<\/strong><\/mark>  <a href=\"https:\/\/twojepetycje.pl\/petycja\/ulaskaw-weronike\">https:\/\/twojepetycje.pl\/petycja\/ulaskaw-weronike<\/a><\/p>\n\n\n\n<p><\/p>\n\n\n\n<p><strong>Przypomnijmy spraw\u0119 Pani Weroniki Krawczyk \u2013 matki trojga dzieci, kt\u00f3ra za bezkompromisow\u0105 postaw\u0119 w obronie \u017cycia i ostrzeganie innych kobiet przed ginekologiem proponuj\u0105cym aborcj\u0119, stan\u0119\u0142a w obliczu kary pozbawienia wolno\u015bci. Jej historia to dramatyczny przyk\u0142ad tego, jak w dzisiejszych czasach \u015bwiadectwo prawdy staje si\u0119 aktem odwagi wymagaj\u0105cym naszego wsp\u00f3lnego zaanga\u017cowania.<\/strong><br><\/p>\n\n\n\n<p>Historia rozpocz\u0119\u0142a si\u0119 w 2016 roku, kiedy to Pani Weronika us\u0142ysza\u0142a od prowadz\u0105cego ci\u0105\u017c\u0119 lekarza, Piotra A., \u017ce jej nienarodzony syn ma Zesp\u00f3\u0142 Downa. Lekarz wielokrotnie namawia\u0142 j\u0105 do dokonania aborcji. Kobieta stanowczo odm\u00f3wi\u0142a, a po zmianie specjalisty urodzi\u0142a ca\u0142kowicie zdrowego ch\u0142opca, kt\u00f3remu nada\u0142a imi\u0119 Dawid. Kosztowa\u0142o j\u0105 to jednak ogrom stresu i l\u0119ku o \u017cycie w\u0142asnego dziecka.<\/p>\n\n\n\n<p>Sze\u015b\u0107 lat p\u00f3\u017aniej, w 2022 roku, Pani Weronika odpowiedzia\u0142a na forum internetowym innej kobiecie poszukuj\u0105cej ginekologa. Podzieli\u0142a si\u0119 swoimi trudnymi do\u015bwiadczeniami i szczerze odradzi\u0142a prowadzenie ci\u0105\u017cy u Piotra A. Reakcj\u0105 lekarza by\u0142o oskar\u017cenie m\u0142odej matki o znies\u0142awienie.<\/p>\n\n\n\n<p>Mimo wsparcia prawnego i ujawnienia przez Fundacj\u0119 \u017bycie i Rodzina informacji, \u017ce oskar\u017cyciel m\u00f3g\u0142 by\u0107 w przesz\u0142o\u015bci skazany za przeprowadzanie nielegalnych aborcji, s\u0105dy obu instancji wyda\u0142y krzywdz\u0105cy wyrok. W 2025 roku Pani Weronika zosta\u0142a skazana na:<\/p>\n\n\n\n<ul class=\"wp-block-list\">\n<li>4 miesi\u0105ce (lub 3 miesi\u0105ce wed\u0142ug niekt\u00f3rych dokument\u00f3w) prac spo\u0142ecznych,<\/li>\n\n\n\n<li>pokrycie wysokich koszt\u00f3w procesu,<\/li>\n\n\n\n<li>oficjalne przeproszenie lekarza w mediach.<\/li>\n<\/ul>\n\n\n\n<p>Pani Weronika stanowczo odm\u00f3wi\u0142a przeproszenia lekarza, argumentuj\u0105c, \u017ce powiedzia\u0142a prawd\u0119, a za s\u0142owa prawdy chroni\u0105ce \u017cycie si\u0119 nie przeprasza. Z powodu tej odmowy, system sprawiedliwo\u015bci b\u0142yskawicznie przyst\u0105pi\u0142 do egzekucji wyroku. Za brak przeprosin m\u0142odej matce grozi obecnie <strong>1,5 miesi\u0105ca bezwzgl\u0119dnego aresztu<\/strong>, co oznacza roz\u0142\u0105k\u0119 z jej ma\u0142ymi dzie\u0107mi. Pani Weronika musia\u0142a ju\u017c rozpocz\u0105\u0107 odrabianie zas\u0105dzonych prac spo\u0142ecznych.<\/p>\n\n\n\n<p>W obronie skazanej matki stan\u0119\u0142y liczne organizacje:<\/p>\n\n\n\n<ul class=\"wp-block-list\">\n<li><strong>Akcja Katolicka w Polsce<\/strong>, kt\u00f3ra w swoim stanowisku z 8 kwietnia 2026 r. podkre\u015bla, \u017ce ostrze\u017cenie kobiet przed lekarzem proponuj\u0105cym aborcj\u0119 to przejaw odwagi cywilnej, a wyrok chroni interesy sprawcy, a nie dobro, jakim jest ludzkie \u017cycie.<\/li>\n\n\n\n<li><strong>Katolickie Stowarzyszenie Lekarzy Polskich (KSLP)<\/strong>, kt\u00f3re zwr\u00f3ci\u0142o uwag\u0119, \u017ce lekarz nie m\u00f3g\u0142 postawi\u0107 ostatecznej diagnozy Zespo\u0142u Downa wy\u0142\u0105cznie na podstawie badania USG, a zachowanie Pani Weroniki nie nosi\u0142o znamion przest\u0119pstwa.<\/li>\n\n\n\n<li><strong>Fundacja \u017bycie i Rodzina<\/strong>, kt\u00f3ra wspiera\u0142a kobiet\u0119 podczas procesu i zapowiedzia\u0142a skierowanie sprawy jako precedensu pro-life do Europejskiego Trybuna\u0142u Praw Cz\u0142owieka w Strasburgu.<\/li>\n<\/ul>\n\n\n\n<p>Zar\u00f3wno Pani Weronika, jak i wspieraj\u0105ce j\u0105 organizacje, z\u0142o\u017cy\u0142y do Prezydenta RP Karola Nawrockiego wnioski o zastosowanie prawa \u0142aski. U\u0142askawienie b\u0119dzie nie tylko wyrazem mi\u0142osierdzia, ale te\u017c czytelnym sygna\u0142em, \u017ce pa\u0144stwo stoi na stra\u017cy \u017cycia.<\/p>\n\n\n\n<p><strong>Zwracamy si\u0119 z gor\u0105cym apelem do wszystkich diecezjan o:<\/strong><\/p>\n\n\n\n<ol start=\"1\" class=\"wp-block-list\">\n<li><strong>Modlitw\u0119<\/strong> w intencji Pani Weroniki i jej rodziny, aby B\u00f3g doda\u0142 im si\u0142 w tym trudnym czasie.<\/li>\n\n\n\n<li><a href=\"https:\/\/twojepetycje.pl\/petycja\/ulaskaw-weronike\"><strong>Podpisanie petycji<\/strong> o u\u0142askawienie, przygotowanej przez Fundacj\u0119 \u017bycie i Rodzina.<\/a><\/li>\n\n\n\n<li><strong>Wsparcie zbi\u00f3rki<\/strong> na dalsze koszty pomocy prawnej (w tym wniosek do Strasburga) dost\u0119pnej na stronie <em><a href=\"http:\/\/ratujZycie.pl\/wesprzyj\">RatujZycie.pl\/wesprzyj<\/a><\/em>.<\/li>\n<\/ol>\n\n\n\n<p>Nie zostawiajmy Pani Weroniki samej. Wesprzyjmy matk\u0119, kt\u00f3ra stan\u0119\u0142a w obronie najwa\u017cniejszego daru \u2013 daru \u017cycia.<\/p>\n\n\n\n<figure class=\"wp-block-image size-large\"><img fetchpriority=\"high\" decoding=\"async\" width=\"1024\" height=\"683\" src=\"https:\/\/www.parafiaborzytuchom.pl\/wp-content\/uploads\/2025\/12\/petycja-prezydent-nawrocki-1200x800-1-1024x683.jpeg\" alt=\"\" class=\"wp-image-1842\" srcset=\"https:\/\/www.parafiaborzytuchom.pl\/wp-content\/uploads\/2025\/12\/petycja-prezydent-nawrocki-1200x800-1-1024x683.jpeg 1024w, https:\/\/www.parafiaborzytuchom.pl\/wp-content\/uploads\/2025\/12\/petycja-prezydent-nawrocki-1200x800-1-300x200.jpeg 300w, https:\/\/www.parafiaborzytuchom.pl\/wp-content\/uploads\/2025\/12\/petycja-prezydent-nawrocki-1200x800-1-768x512.jpeg 768w, https:\/\/www.parafiaborzytuchom.pl\/wp-content\/uploads\/2025\/12\/petycja-prezydent-nawrocki-1200x800-1.jpeg 1200w\" sizes=\"(max-width: 1024px) 100vw, 1024px\" \/><\/figure>\n","protected":false},"excerpt":{"rendered":"<p>Biskup Pelpli\u0144ski Ryszard Kasyna wzywa do solidarno\u015bci z Weronik\u0105 Krawczyk, mieszkank\u0105 naszej diecezji, matk\u0105 trojga dzieci, kt\u00f3rej grozi kara pozbawienia wolno\u015bci za bezkompromisow\u0105 postaw\u0119 w obronie \u017cycia. Pasterz diecezji apeluje do wiernych o modlitw\u0119 oraz wsparcie petycji o u\u0142askawienie skierowanej do Prezydenta RP, podkre\u015blaj\u0105c, \u017ce w dzisiejszych czasach \u015bwiadectwo prawdy staje si\u0119 aktem odwagi wymagaj\u0105cym [&hellip;]<\/p>\n","protected":false},"author":2,"featured_media":1840,"comment_status":"closed","ping_status":"open","sticky":false,"template":"","format":"standard","meta":{"footnotes":""},"categories":[3],"tags":[],"class_list":["post-1504","post","type-post","status-publish","format-standard","has-post-thumbnail","hentry","category-ogloszenia"],"_links":{"self":[{"href":"https:\/\/www.parafiaborzytuchom.pl\/index.php?rest_route=\/wp\/v2\/posts\/1504","targetHints":{"allow":["GET"]}}],"collection":[{"href":"https:\/\/www.parafiaborzytuchom.pl\/index.php?rest_route=\/wp\/v2\/posts"}],"about":[{"href":"https:\/\/www.parafiaborzytuchom.pl\/index.php?rest_route=\/wp\/v2\/types\/post"}],"author":[{"embeddable":true,"href":"https:\/\/www.parafiaborzytuchom.pl\/index.php?rest_route=\/wp\/v2\/users\/2"}],"replies":[{"embeddable":true,"href":"https:\/\/www.parafiaborzytuchom.pl\/index.php?rest_route=%2Fwp%2Fv2%2Fcomments&post=1504"}],"version-history":[{"count":19,"href":"https:\/\/www.parafiaborzytuchom.pl\/index.php?rest_route=\/wp\/v2\/posts\/1504\/revisions"}],"predecessor-version":[{"id":1843,"href":"https:\/\/www.parafiaborzytuchom.pl\/index.php?rest_route=\/wp\/v2\/posts\/1504\/revisions\/1843"}],"wp:featuredmedia":[{"embeddable":true,"href":"https:\/\/www.parafiaborzytuchom.pl\/index.php?rest_route=\/wp\/v2\/media\/1840"}],"wp:attachment":[{"href":"https:\/\/www.parafiaborzytuchom.pl\/index.php?rest_route=%2Fwp%2Fv2%2Fmedia&parent=1504"}],"wp:term":[{"taxonomy":"category","embeddable":true,"href":"https:\/\/www.parafiaborzytuchom.pl\/index.php?rest_route=%2Fwp%2Fv2%2Fcategories&post=1504"},{"taxonomy":"post_tag","embeddable":true,"href":"https:\/\/www.parafiaborzytuchom.pl\/index.php?rest_route=%2Fwp%2Fv2%2Ftags&post=1504"}],"curies":[{"name":"wp","href":"https:\/\/api.w.org\/{rel}","templated":true}]}}