{"id":1486,"date":"2025-03-02T20:58:34","date_gmt":"2025-03-02T20:58:34","guid":{"rendered":"https:\/\/www.parafiaborzytuchom.pl\/?p=1486"},"modified":"2025-03-02T20:58:34","modified_gmt":"2025-03-02T20:58:34","slug":"kosciol-domowy","status":"publish","type":"post","link":"https:\/\/www.parafiaborzytuchom.pl\/?p=1486","title":{"rendered":"Ko\u015bci\u00f3\u0142 Domowy"},"content":{"rendered":"\n<p>Domowy Ko\u015bci\u00f3\u0142 jest ma\u0142\u017ce\u0144sko-rodzinnym ruchem \u015bwieckich w Ko\u015bciele, dzia\u0142aj\u0105cym w ramach Ruchu \u015awiat\u0142o-\u017bycie, kt\u00f3ry jest jednym z nurt\u00f3w posoborowej odnowy Ko\u015bcio\u0142a w Polsce. Domowy Ko\u015bci\u00f3\u0142 \u0142\u0105czy w sobie charyzmaty Ruchu \u015awiat\u0142o-\u017bycie i mi\u0119dzynarodowego ruchu ma\u0142\u017ce\u0144stw katolickich. Za\u0142o\u017cycielem Ruchu jest S\u0142uga Bo\u017cy Ks. Franciszek Blachnicki.<\/p>\n\n\n\n<p>Domowy Ko\u015bci\u00f3\u0142 zwraca szczeg\u00f3ln\u0105 uwag\u0119 na duchowo\u015b\u0107 ma\u0142\u017ce\u0144sk\u0105, czyli d\u0105\u017cenie do \u015bwi\u0119to\u015bci w jedno\u015bci ze wsp\u00f3\u0142ma\u0142\u017conkiem. Chcemy pom\u00f3c ma\u0142\u017conkom trwaj\u0105cym w zwi\u0105zku sakramentalnym w budowaniu mi\u0119dzy nimi prawdziwej jedno\u015bci ma\u0142\u017ce\u0144skiej, kt\u00f3ra jednocze\u015bnie stwarza najlepsze warunki do dobrego wychowywania dzieci w duchu chrze\u015bcija\u0144skim. W Domowym Ko\u015bciele rodzina jest podstawowym miejscem formacji. Kr\u0105g jest podstawowym elementem w jego strukturze organizacyjnej. Jako \u015brodowisko formacyjne i ewangelizacyjne, s\u0142u\u017c\u0105ce rodzinom, jest on szczeg\u00f3lnym \u201claboratorium\u201d duchowo\u015bci ma\u0142\u017ce\u0144skiej. Kr\u0105g tworzy 4-7 ma\u0142\u017ce\u0144stw. Za ka\u017cdy kr\u0105g odpowiada jedno z nale\u017c\u0105cych do niego ma\u0142\u017ce\u0144stw, zwane par\u0105 animatorsk\u0105. Dla prawid\u0142owej pracy kr\u0119gu niezb\u0119dna jest doktrynalna i duchowa pomoc ksi\u0119dza moderatora, doradcy i opiekuna duchowego.\u00a0Do istoty formacyjnej w kr\u0119gach nale\u017cy r\u00f3wnie\u017c uczestnictwo w r\u00f3\u017cnego rodzaju rekolekcjach organizowanych przez Domowy Ko\u015bci\u00f3\u0142. <\/p>\n\n\n\n<p>Cztery rodziny z naszej parafii nale\u017c\u0105 do kr\u0119g\u00f3w rodzin w Bytowie. Ks. proboszcz jest moderatorem jednego kr\u0119gu. <\/p>\n\n\n\n<p>Je\u017celi chcenie: do\u015bwiadczy\u0107 \u017cycia we wsp\u00f3lnocie; umacnia\u0107 swoj\u0105 wiar\u0119; piel\u0119gnowa\u0107 mi\u0142o\u015b\u0107 ma\u0142\u017ce\u0144sk\u0105; nauczy\u0107 si\u0119 rozwi\u0105zywania konflikt\u00f3w; nawi\u0105za\u0107 g\u0142\u0119bszy kontakt z dzie\u0107mi; rodzina chcia\u0142aby nale\u017ce\u0107 do takiej wsp\u00f3lnoty rodzin, to prosz\u0119 o<strong> kontakt z proboszczem<\/strong>.<\/p>\n\n\n\n<figure class=\"wp-block-image size-full is-resized\"><img fetchpriority=\"high\" decoding=\"async\" width=\"480\" height=\"480\" src=\"https:\/\/www.parafiaborzytuchom.pl\/wp-content\/uploads\/2025\/03\/DK.jpg\" alt=\"\" class=\"wp-image-1487\" style=\"width:225px;height:auto\" srcset=\"https:\/\/www.parafiaborzytuchom.pl\/wp-content\/uploads\/2025\/03\/DK.jpg 480w, https:\/\/www.parafiaborzytuchom.pl\/wp-content\/uploads\/2025\/03\/DK-300x300.jpg 300w, https:\/\/www.parafiaborzytuchom.pl\/wp-content\/uploads\/2025\/03\/DK-150x150.jpg 150w\" sizes=\"(max-width: 480px) 100vw, 480px\" \/><\/figure>\n\n\n\n<p><\/p>\n","protected":false},"excerpt":{"rendered":"<p>Domowy Ko\u015bci\u00f3\u0142 jest ma\u0142\u017ce\u0144sko-rodzinnym ruchem \u015bwieckich w Ko\u015bciele, dzia\u0142aj\u0105cym w ramach Ruchu \u015awiat\u0142o-\u017bycie, kt\u00f3ry jest jednym z nurt\u00f3w posoborowej odnowy Ko\u015bcio\u0142a w Polsce. Domowy Ko\u015bci\u00f3\u0142 \u0142\u0105czy w sobie charyzmaty Ruchu \u015awiat\u0142o-\u017bycie i mi\u0119dzynarodowego ruchu ma\u0142\u017ce\u0144stw katolickich. Za\u0142o\u017cycielem Ruchu jest S\u0142uga Bo\u017cy Ks. Franciszek Blachnicki. Domowy Ko\u015bci\u00f3\u0142 zwraca szczeg\u00f3ln\u0105 uwag\u0119 na duchowo\u015b\u0107 ma\u0142\u017ce\u0144sk\u0105, czyli d\u0105\u017cenie do [&hellip;]<\/p>\n","protected":false},"author":2,"featured_media":0,"comment_status":"closed","ping_status":"open","sticky":false,"template":"","format":"standard","meta":{"footnotes":""},"categories":[6],"tags":[],"class_list":["post-1486","post","type-post","status-publish","format-standard","hentry","category-grupyparafialne"],"_links":{"self":[{"href":"https:\/\/www.parafiaborzytuchom.pl\/index.php?rest_route=\/wp\/v2\/posts\/1486","targetHints":{"allow":["GET"]}}],"collection":[{"href":"https:\/\/www.parafiaborzytuchom.pl\/index.php?rest_route=\/wp\/v2\/posts"}],"about":[{"href":"https:\/\/www.parafiaborzytuchom.pl\/index.php?rest_route=\/wp\/v2\/types\/post"}],"author":[{"embeddable":true,"href":"https:\/\/www.parafiaborzytuchom.pl\/index.php?rest_route=\/wp\/v2\/users\/2"}],"replies":[{"embeddable":true,"href":"https:\/\/www.parafiaborzytuchom.pl\/index.php?rest_route=%2Fwp%2Fv2%2Fcomments&post=1486"}],"version-history":[{"count":1,"href":"https:\/\/www.parafiaborzytuchom.pl\/index.php?rest_route=\/wp\/v2\/posts\/1486\/revisions"}],"predecessor-version":[{"id":1488,"href":"https:\/\/www.parafiaborzytuchom.pl\/index.php?rest_route=\/wp\/v2\/posts\/1486\/revisions\/1488"}],"wp:attachment":[{"href":"https:\/\/www.parafiaborzytuchom.pl\/index.php?rest_route=%2Fwp%2Fv2%2Fmedia&parent=1486"}],"wp:term":[{"taxonomy":"category","embeddable":true,"href":"https:\/\/www.parafiaborzytuchom.pl\/index.php?rest_route=%2Fwp%2Fv2%2Fcategories&post=1486"},{"taxonomy":"post_tag","embeddable":true,"href":"https:\/\/www.parafiaborzytuchom.pl\/index.php?rest_route=%2Fwp%2Fv2%2Ftags&post=1486"}],"curies":[{"name":"wp","href":"https:\/\/api.w.org\/{rel}","templated":true}]}}