{"id":1484,"date":"2025-03-02T20:09:49","date_gmt":"2025-03-02T20:09:49","guid":{"rendered":"https:\/\/www.parafiaborzytuchom.pl\/?p=1484"},"modified":"2025-03-02T20:09:49","modified_gmt":"2025-03-02T20:09:49","slug":"duchowa-adopcja-dziecka-poczetego","status":"publish","type":"post","link":"https:\/\/www.parafiaborzytuchom.pl\/?p=1484","title":{"rendered":"Duchowa Adopcja Dziecka Pocz\u0119tego"},"content":{"rendered":"\n<p>Pe\u0142na poprawna nazwa brzmi: \u201cDuchowa Adopcja Dziecka Pocz\u0119tego Zagro\u017conego Zag\u0142ad\u0105\u201d. Nie jest to wi\u0119c&nbsp;adopcja prawna&nbsp;dziecka po urodzeniu, pozbawionego opieki rodzicielskiej, do rodziny zast\u0119pczej, ale&nbsp;adopcja duchowa&nbsp;dziecka pocz\u0119tego zagro\u017conego zabiciem w \u0142onie matki. Wyra\u017cana jest osobist\u0105 modlitw\u0105 jednej osoby o ocalenie \u017cycia dziecka wybranego przez Boga Dawc\u0119 \u017bycia.Trwa przez 9 miesi\u0119cy, okres wzrostu dziecka w \u0142onie matki. Zobowi\u0105zanie adopcyjne, poprzedza przyrzeczenie, kt\u00f3re je utwierdza.<\/p>\n\n\n\n<p>Duchow\u0105 Adopcj\u0119 rozpoczynamy <strong>25 marca<\/strong> ka\u017cdego roku (<strong>do 24.12<\/strong>.), od z\u0142o\u017cenia przyrzeczenia, kt\u00f3re powinno by\u0107 sk\u0142adane w spos\u00f3b uroczysty w ko\u015bciele lub indywidualnie w domu.\u00a0 Po z\u0142o\u017ceniu przyrzeczenia zobowi\u0105zani jeste\u015bmy do:<\/p>\n\n\n\n<ul class=\"wp-block-list\">\n<li>codziennej modlitwy (tekst poni\u017cej),<\/li>\n\n\n\n<li>modlitwy jedn\u0105 dziesi\u0105tk\u0105 r\u00f3\u017ca\u0144ca,<\/li>\n\n\n\n<li>zach\u0119ca si\u0119 tak\u017ce do z\u0142o\u017cenia dodatkowego przyrzeczenia,<\/li>\n<\/ul>\n\n\n\n<p>Adoptujemy ka\u017cdorazowo <strong>tylko jedno nieznane nam dziecko<\/strong> zagro\u017cone aborcj\u0105. Pan B\u00f3g-Dawca \u017bycia zna jego imi\u0119 i On sam nam je wybiera.<\/p>\n\n\n\n<p>Postanowienia dodatkowe (dodatkowe praktyki) s\u0105 uzupe\u0142nieniem Duchowej Adopcji. S\u0105 dobrowolne, lecz s\u0105 ch\u0119tnie widziane i praktykowane, poniewa\u017c cz\u0119sto stanowi\u0105 potrzeb\u0119 wi\u0119kszego zado\u015b\u0107uczynienia, dzi\u0119kczynienia, b\u0105d\u017a wyproszenia \u0142ask u Bo\u017cej Opatrzno\u015bci. \u017beby podj\u0119te postanowienia praktyk skutecznie i do ko\u0144ca wykona\u0107, najlepiej jest podj\u0105\u0107 jedn\u0105 lub najwy\u017cej dwie praktyki.<\/p>\n\n\n\n<p>Mo\u017ce si\u0119 zdarzy\u0107, \u017ce zapomnimy lub zaniedbamy nasze zobowi\u0105zania adopcyjne. D\u0142uga przerwa, na przyk\u0142ad miesi\u0119czna, przerywa Duchow\u0105 Adopcj\u0119 i wymaga podj\u0119cia jej od pocz\u0105tku. Nale\u017cy wtedy odby\u0107 spowied\u017a, ponowi\u0107 przyrzeczenia i stara\u0107 si\u0119 je dotrzyma\u0107. W wypadku kr\u00f3tkiej przerwy nale\u017cy Duchow\u0105 Adopcje kontynuowa\u0107, przed\u0142u\u017caj\u0105c praktyk\u0119 o ilo\u015b\u0107 dni opuszczonych.<\/p>\n\n\nTEKST CODZIENNEJ MODLITWY \u201cPANIE JEZU\u201d\n\n\n<p><em>Panie Jezu za wstawiennictwem Twojej Matki Maryi, kt\u00f3ra urodzi\u0142a Ci\u0119 z mi\u0142o\u015bci\u0105 oraz za wstawiennictwem \u015bwi\u0119tego J\u00f3zefa, \u201cCz\u0142owieka Zawierzenia\u201d, kt\u00f3ry opiekowa\u0142 si\u0119 Tob\u0105 po urodzeniu, prosz\u0119 Ci\u0119 w intencji tego nienarodzonego dziecka kt\u00f3re znajduje si\u0119 w niebezpiecze\u0144stwie zag\u0142ady i kt\u00f3re duchowo adoptowa\u0142em. Prosz\u0119, daj rodzicom tego dziecka mi\u0142o\u015b\u0107 i odwag\u0119, aby zachowali je przy \u017cyciu, kt\u00f3re Ty sam mu przeznaczy\u0142e\u015b. Amen.<\/em><\/p>\n","protected":false},"excerpt":{"rendered":"<p>Pe\u0142na poprawna nazwa brzmi: \u201cDuchowa Adopcja Dziecka Pocz\u0119tego Zagro\u017conego Zag\u0142ad\u0105\u201d. Nie jest to wi\u0119c&nbsp;adopcja prawna&nbsp;dziecka po urodzeniu, pozbawionego opieki rodzicielskiej, do rodziny zast\u0119pczej, ale&nbsp;adopcja duchowa&nbsp;dziecka pocz\u0119tego zagro\u017conego zabiciem w \u0142onie matki. Wyra\u017cana jest osobist\u0105 modlitw\u0105 jednej osoby o ocalenie \u017cycia dziecka wybranego przez Boga Dawc\u0119 \u017bycia.Trwa przez 9 miesi\u0119cy, okres wzrostu dziecka w \u0142onie matki. [&hellip;]<\/p>\n","protected":false},"author":2,"featured_media":0,"comment_status":"closed","ping_status":"open","sticky":false,"template":"","format":"standard","meta":{"footnotes":""},"categories":[6],"tags":[],"class_list":["post-1484","post","type-post","status-publish","format-standard","hentry","category-grupyparafialne"],"_links":{"self":[{"href":"https:\/\/www.parafiaborzytuchom.pl\/index.php?rest_route=\/wp\/v2\/posts\/1484","targetHints":{"allow":["GET"]}}],"collection":[{"href":"https:\/\/www.parafiaborzytuchom.pl\/index.php?rest_route=\/wp\/v2\/posts"}],"about":[{"href":"https:\/\/www.parafiaborzytuchom.pl\/index.php?rest_route=\/wp\/v2\/types\/post"}],"author":[{"embeddable":true,"href":"https:\/\/www.parafiaborzytuchom.pl\/index.php?rest_route=\/wp\/v2\/users\/2"}],"replies":[{"embeddable":true,"href":"https:\/\/www.parafiaborzytuchom.pl\/index.php?rest_route=%2Fwp%2Fv2%2Fcomments&post=1484"}],"version-history":[{"count":1,"href":"https:\/\/www.parafiaborzytuchom.pl\/index.php?rest_route=\/wp\/v2\/posts\/1484\/revisions"}],"predecessor-version":[{"id":1485,"href":"https:\/\/www.parafiaborzytuchom.pl\/index.php?rest_route=\/wp\/v2\/posts\/1484\/revisions\/1485"}],"wp:attachment":[{"href":"https:\/\/www.parafiaborzytuchom.pl\/index.php?rest_route=%2Fwp%2Fv2%2Fmedia&parent=1484"}],"wp:term":[{"taxonomy":"category","embeddable":true,"href":"https:\/\/www.parafiaborzytuchom.pl\/index.php?rest_route=%2Fwp%2Fv2%2Fcategories&post=1484"},{"taxonomy":"post_tag","embeddable":true,"href":"https:\/\/www.parafiaborzytuchom.pl\/index.php?rest_route=%2Fwp%2Fv2%2Ftags&post=1484"}],"curies":[{"name":"wp","href":"https:\/\/api.w.org\/{rel}","templated":true}]}}