{"id":1471,"date":"2025-03-02T19:40:45","date_gmt":"2025-03-02T19:40:45","guid":{"rendered":"https:\/\/www.parafiaborzytuchom.pl\/?p=1471"},"modified":"2025-03-02T19:41:26","modified_gmt":"2025-03-02T19:41:26","slug":"3-eucharystia-pierwsza-komunia","status":"publish","type":"post","link":"https:\/\/www.parafiaborzytuchom.pl\/?p=1471","title":{"rendered":"3. Eucharystia &#8211; pierwsza Komunia"},"content":{"rendered":"\n<p>Pierwsza spowied\u017a i Komunia \u015bw. dzieci w naszej Parafii odbywa si\u0119 w <strong>klasie trzeciej<\/strong> szko\u0142y podstawowej. Termin ustalany jest z rodzicami na spotkaniu organizacyjnym, najcz\u0119\u015bciej <strong>niedziela Zes\u0142ania Ducha \u015awi\u0119tego<\/strong> (b\u0105d\u017a te\u017c wigilia &#8211; sobota, gdy s\u0105 dwie tury).<br>Podstawowe przygotowanie do przyj\u0119cia Pierwszej Komunii \u015bw. odbywa si\u0119 w ramach katechizacji szkolnej. W terminie wyznaczonym przez przygotowuj\u0105cego ksi\u0119dza nale\u017cy dostarczy\u0107 \u015bwiadectwo chrztu dziecka &#8211; zwolnieni s\u0105 ci, kt\u00f3rych dzieci by\u0142y chrzczone w naszej parafii.<br>Rodzic\u00f3w wraz z dzie\u0107mi zach\u0119cam do uczestniczenia, przez ca\u0142y rok w niedzielnej Mszy \u015bw.<\/p>\n\n\n\n<p>Spotkania miesi\u0119czne dla rodzic\u00f3w lub opiekun\u00f3w s\u0105 ustalane wsp\u00f3lnie z proboszczem na spotkaniach.<\/p>\n\n\n\n<p><\/p>\n","protected":false},"excerpt":{"rendered":"<p>Pierwsza spowied\u017a i Komunia \u015bw. dzieci w naszej Parafii odbywa si\u0119 w klasie trzeciej szko\u0142y podstawowej. Termin ustalany jest z rodzicami na spotkaniu organizacyjnym, najcz\u0119\u015bciej niedziela Zes\u0142ania Ducha \u015awi\u0119tego (b\u0105d\u017a te\u017c wigilia &#8211; sobota, gdy s\u0105 dwie tury).Podstawowe przygotowanie do przyj\u0119cia Pierwszej Komunii \u015bw. odbywa si\u0119 w ramach katechizacji szkolnej. W terminie wyznaczonym przez przygotowuj\u0105cego [&hellip;]<\/p>\n","protected":false},"author":2,"featured_media":0,"comment_status":"closed","ping_status":"open","sticky":false,"template":"","format":"standard","meta":{"footnotes":""},"categories":[10],"tags":[],"class_list":["post-1471","post","type-post","status-publish","format-standard","hentry","category-sakramenty"],"_links":{"self":[{"href":"https:\/\/www.parafiaborzytuchom.pl\/index.php?rest_route=\/wp\/v2\/posts\/1471","targetHints":{"allow":["GET"]}}],"collection":[{"href":"https:\/\/www.parafiaborzytuchom.pl\/index.php?rest_route=\/wp\/v2\/posts"}],"about":[{"href":"https:\/\/www.parafiaborzytuchom.pl\/index.php?rest_route=\/wp\/v2\/types\/post"}],"author":[{"embeddable":true,"href":"https:\/\/www.parafiaborzytuchom.pl\/index.php?rest_route=\/wp\/v2\/users\/2"}],"replies":[{"embeddable":true,"href":"https:\/\/www.parafiaborzytuchom.pl\/index.php?rest_route=%2Fwp%2Fv2%2Fcomments&post=1471"}],"version-history":[{"count":2,"href":"https:\/\/www.parafiaborzytuchom.pl\/index.php?rest_route=\/wp\/v2\/posts\/1471\/revisions"}],"predecessor-version":[{"id":1480,"href":"https:\/\/www.parafiaborzytuchom.pl\/index.php?rest_route=\/wp\/v2\/posts\/1471\/revisions\/1480"}],"wp:attachment":[{"href":"https:\/\/www.parafiaborzytuchom.pl\/index.php?rest_route=%2Fwp%2Fv2%2Fmedia&parent=1471"}],"wp:term":[{"taxonomy":"category","embeddable":true,"href":"https:\/\/www.parafiaborzytuchom.pl\/index.php?rest_route=%2Fwp%2Fv2%2Fcategories&post=1471"},{"taxonomy":"post_tag","embeddable":true,"href":"https:\/\/www.parafiaborzytuchom.pl\/index.php?rest_route=%2Fwp%2Fv2%2Ftags&post=1471"}],"curies":[{"name":"wp","href":"https:\/\/api.w.org\/{rel}","templated":true}]}}