{"id":1468,"date":"2025-03-02T19:17:50","date_gmt":"2025-03-02T19:17:50","guid":{"rendered":"https:\/\/www.parafiaborzytuchom.pl\/?p=1468"},"modified":"2025-03-02T19:17:50","modified_gmt":"2025-03-02T19:17:50","slug":"5-sakrament-namaszczenia-chorych","status":"publish","type":"post","link":"https:\/\/www.parafiaborzytuchom.pl\/?p=1468","title":{"rendered":"5. Sakrament namaszczenia chorych"},"content":{"rendered":"\n<p><em>Przez \u015bwi\u0119te chorych namaszczenie i modlitw\u0119 kap\u0142an\u00f3w ca\u0142y Ko\u015bci\u00f3\u0142 poleca chorych cierpi\u0105cemu i uwielbionemu Panu, aby ich pod\u017awign\u0105\u0142 i zbawi\u0142; a nadto zach\u0119ca ich, aby \u0142\u0105cz\u0105c si\u0119 dobrowolnie z m\u0119k\u0105 i \u015bmierci\u0105 Chrystusa, przysparzali dobra Ludowi Bo\u017cemu&#8221;<\/em>.<\/p>\n\n\n\n<p>Szczeg\u00f3lnej pomocy Bo\u017cej potrzebuje cz\u0142owiek w czasie ci\u0119\u017ckiej choroby, a zw\u0142aszcza w niebezpiecze\u0144stwie \u015bmierci. <\/p>\n\n\n\n<p>Zapraszaj\u0105c kap\u0142ana z pos\u0142ug\u0105 do chorego przygotujmy: st\u00f3\u0142 nakryty bia\u0142ym obrusem, na nim krzy\u017c i \u015bwieca. Chorych mo\u017cna zg\u0142asza\u0107 telefonicznie  lub w biurze parafialnym. Regularnie odwiedzamy chorych, zg\u0142aszanych wcze\u015bniej w ka\u017cdy <strong>pierwszy pi\u0105tek<\/strong> miesi\u0105ca od godz. 10.00.<\/p>\n\n\n\n<p><\/p>\n","protected":false},"excerpt":{"rendered":"<p>Przez \u015bwi\u0119te chorych namaszczenie i modlitw\u0119 kap\u0142an\u00f3w ca\u0142y Ko\u015bci\u00f3\u0142 poleca chorych cierpi\u0105cemu i uwielbionemu Panu, aby ich pod\u017awign\u0105\u0142 i zbawi\u0142; a nadto zach\u0119ca ich, aby \u0142\u0105cz\u0105c si\u0119 dobrowolnie z m\u0119k\u0105 i \u015bmierci\u0105 Chrystusa, przysparzali dobra Ludowi Bo\u017cemu&#8221;. Szczeg\u00f3lnej pomocy Bo\u017cej potrzebuje cz\u0142owiek w czasie ci\u0119\u017ckiej choroby, a zw\u0142aszcza w niebezpiecze\u0144stwie \u015bmierci. Zapraszaj\u0105c kap\u0142ana z pos\u0142ug\u0105 [&hellip;]<\/p>\n","protected":false},"author":2,"featured_media":0,"comment_status":"closed","ping_status":"open","sticky":false,"template":"","format":"standard","meta":{"footnotes":""},"categories":[10],"tags":[],"class_list":["post-1468","post","type-post","status-publish","format-standard","hentry","category-sakramenty"],"_links":{"self":[{"href":"https:\/\/www.parafiaborzytuchom.pl\/index.php?rest_route=\/wp\/v2\/posts\/1468","targetHints":{"allow":["GET"]}}],"collection":[{"href":"https:\/\/www.parafiaborzytuchom.pl\/index.php?rest_route=\/wp\/v2\/posts"}],"about":[{"href":"https:\/\/www.parafiaborzytuchom.pl\/index.php?rest_route=\/wp\/v2\/types\/post"}],"author":[{"embeddable":true,"href":"https:\/\/www.parafiaborzytuchom.pl\/index.php?rest_route=\/wp\/v2\/users\/2"}],"replies":[{"embeddable":true,"href":"https:\/\/www.parafiaborzytuchom.pl\/index.php?rest_route=%2Fwp%2Fv2%2Fcomments&post=1468"}],"version-history":[{"count":1,"href":"https:\/\/www.parafiaborzytuchom.pl\/index.php?rest_route=\/wp\/v2\/posts\/1468\/revisions"}],"predecessor-version":[{"id":1475,"href":"https:\/\/www.parafiaborzytuchom.pl\/index.php?rest_route=\/wp\/v2\/posts\/1468\/revisions\/1475"}],"wp:attachment":[{"href":"https:\/\/www.parafiaborzytuchom.pl\/index.php?rest_route=%2Fwp%2Fv2%2Fmedia&parent=1468"}],"wp:term":[{"taxonomy":"category","embeddable":true,"href":"https:\/\/www.parafiaborzytuchom.pl\/index.php?rest_route=%2Fwp%2Fv2%2Fcategories&post=1468"},{"taxonomy":"post_tag","embeddable":true,"href":"https:\/\/www.parafiaborzytuchom.pl\/index.php?rest_route=%2Fwp%2Fv2%2Ftags&post=1468"}],"curies":[{"name":"wp","href":"https:\/\/api.w.org\/{rel}","templated":true}]}}