{"id":1463,"date":"2025-03-02T19:43:15","date_gmt":"2025-03-02T19:43:15","guid":{"rendered":"https:\/\/www.parafiaborzytuchom.pl\/?p=1463"},"modified":"2025-03-02T19:43:58","modified_gmt":"2025-03-02T19:43:58","slug":"2-bierzmowanie","status":"publish","type":"post","link":"https:\/\/www.parafiaborzytuchom.pl\/?p=1463","title":{"rendered":"2. Bierzmowanie"},"content":{"rendered":"\n<p>Bierzmowanie umacnia w przyjmuj\u0105cym wiar\u0119, aby \u015bwiadczy\u0107 s\u0142owem i \u017cyciem o Jezusie Chrystusie oraz obdarza darem Ducha \u015awi\u0119tego. Przygotowanie do bierzmowania w naszej parafii odbywa si\u0119 w cyklu dwuletnim: we wrze\u015bniu \u00f3smej klasy kandydaci zg\u0142aszaj\u0105 swoj\u0105 deklaracj\u0119 rozpocz\u0119cia, ks. biskup udziela sakramentu bierzmowania w 1 klasie ponadpodstawowej.<\/p>\n\n\n\n<p>Starszych kandydat\u00f3w do przyj\u0119cia bierzmowania przygotowuje indywidualnie proboszcz.<\/p>\n\n\n\n<p><\/p>\n","protected":false},"excerpt":{"rendered":"<p>Bierzmowanie umacnia w przyjmuj\u0105cym wiar\u0119, aby \u015bwiadczy\u0107 s\u0142owem i \u017cyciem o Jezusie Chrystusie oraz obdarza darem Ducha \u015awi\u0119tego. Przygotowanie do bierzmowania w naszej parafii odbywa si\u0119 w cyklu dwuletnim: we wrze\u015bniu \u00f3smej klasy kandydaci zg\u0142aszaj\u0105 swoj\u0105 deklaracj\u0119 rozpocz\u0119cia, ks. biskup udziela sakramentu bierzmowania w 1 klasie ponadpodstawowej. Starszych kandydat\u00f3w do przyj\u0119cia bierzmowania przygotowuje indywidualnie proboszcz.<\/p>\n","protected":false},"author":2,"featured_media":0,"comment_status":"closed","ping_status":"open","sticky":false,"template":"","format":"standard","meta":{"footnotes":""},"categories":[10],"tags":[],"class_list":["post-1463","post","type-post","status-publish","format-standard","hentry","category-sakramenty"],"_links":{"self":[{"href":"https:\/\/www.parafiaborzytuchom.pl\/index.php?rest_route=\/wp\/v2\/posts\/1463","targetHints":{"allow":["GET"]}}],"collection":[{"href":"https:\/\/www.parafiaborzytuchom.pl\/index.php?rest_route=\/wp\/v2\/posts"}],"about":[{"href":"https:\/\/www.parafiaborzytuchom.pl\/index.php?rest_route=\/wp\/v2\/types\/post"}],"author":[{"embeddable":true,"href":"https:\/\/www.parafiaborzytuchom.pl\/index.php?rest_route=\/wp\/v2\/users\/2"}],"replies":[{"embeddable":true,"href":"https:\/\/www.parafiaborzytuchom.pl\/index.php?rest_route=%2Fwp%2Fv2%2Fcomments&post=1463"}],"version-history":[{"count":1,"href":"https:\/\/www.parafiaborzytuchom.pl\/index.php?rest_route=\/wp\/v2\/posts\/1463\/revisions"}],"predecessor-version":[{"id":1464,"href":"https:\/\/www.parafiaborzytuchom.pl\/index.php?rest_route=\/wp\/v2\/posts\/1463\/revisions\/1464"}],"wp:attachment":[{"href":"https:\/\/www.parafiaborzytuchom.pl\/index.php?rest_route=%2Fwp%2Fv2%2Fmedia&parent=1463"}],"wp:term":[{"taxonomy":"category","embeddable":true,"href":"https:\/\/www.parafiaborzytuchom.pl\/index.php?rest_route=%2Fwp%2Fv2%2Fcategories&post=1463"},{"taxonomy":"post_tag","embeddable":true,"href":"https:\/\/www.parafiaborzytuchom.pl\/index.php?rest_route=%2Fwp%2Fv2%2Ftags&post=1463"}],"curies":[{"name":"wp","href":"https:\/\/api.w.org\/{rel}","templated":true}]}}