{"id":1373,"date":"2025-03-02T09:47:13","date_gmt":"2025-03-02T09:47:13","guid":{"rendered":"https:\/\/www.parafiaborzytuchom.pl\/?p=1373"},"modified":"2025-06-19T20:38:11","modified_gmt":"2025-06-19T20:38:11","slug":"roze-rozancowe-2","status":"publish","type":"post","link":"https:\/\/www.parafiaborzytuchom.pl\/?p=1373","title":{"rendered":"R\u00f3\u017ce r\u00f3\u017ca\u0144cowe"},"content":{"rendered":"\n<p><strong>Apostolstwo \u017bywego R\u00f3\u017ca\u0144ca<\/strong><\/p>\n\n\n\n<p><strong>\u201e\u017bywy R\u00f3\u017caniec\u201d<\/strong> jest wsp\u00f3lnot\u0105 os\u00f3b, kt\u00f3re w duchu odpowiedzialno\u015bci za Ko\u015bci\u00f3\u0142 i \u015bwiat otaczaj\u0105 modlitewn\u0105 opiek\u0105 tych, kt\u00f3rzy najbardziej jej potrzebuj\u0105 i s\u0105 wskazani zw\u0142aszcza w Papieskich Intencjach Apostolstwa Modlitwy. Ka\u017cda r\u00f3\u017ca posiada dwadzie\u015bcia os\u00f3b, z kt\u00f3rych ka\u017cda odmawia codziennie jedn\u0105 dziesi\u0105tk\u0119 r\u00f3\u017ca\u0144ca, czyli jedn\u0105 tajemnic\u0119, po\u0142\u0105czon\u0105 z rozwa\u017caniem. W ten spos\u00f3b odmawiany jest w r\u00f3\u017cy codziennie ca\u0142y r\u00f3\u017caniec \u2013 dwadzie\u015bcia tajemnic.<br>W Naszej Parafii od wielu lat modl\u0105 si\u0119 R\u00f3\u017ce R\u00f3\u017ca\u0144cowe. Ta modlitwa i jej zobowi\u0105zania przekazywane s\u0105 z pokolenia na pokolenie. Istnieje 10 r\u00f3\u017c r\u00f3\u017ca\u0144cowych, kt\u00f3rymi opiekuj\u0105 si\u0119 nast\u0119puj\u0105cy zelatorzy:&nbsp;<\/p>\n\n\n\n<ol class=\"wp-block-list\">\n<li>r\u00f3\u017ca Matki Bo\u017cej Skrzatuskiej &#8211; Zyta Gostkowska,&nbsp;<\/li>\n\n\n\n<li>r\u00f3\u017ca Matki Bo\u017cej Fatimskiej &#8211; Irena Piechota,<\/li>\n\n\n\n<li>r\u00f3\u017ca \u015bw. s. Faustyny &#8211; Anna Olejnik,&nbsp;<\/li>\n\n\n\n<li>r\u00f3\u017ca Matki Bo\u017cej Cz\u0119stochowskiej &#8211; Urszula Zofia Durawa,&nbsp;<\/li>\n\n\n\n<li>r\u00f3\u017ca \u015bw. J\u00f3zefa &#8211; Eugeniusz Zaborowski,&nbsp;<\/li>\n\n\n\n<li>r\u00f3\u017ca \u015bw. Jana Paw\u0142a II &#8211; Aleksandra Manikowska,\u00a0<\/li>\n\n\n\n<li>r\u00f3\u017ca Matki Bo\u017cej z Lourdes &#8211; Brygida Garbicz,&nbsp;<\/li>\n\n\n\n<li>r\u00f3\u017ca \u015bw. br. Alberta Chmielowskiego &#8211; Krystyna Steranka,&nbsp;<\/li>\n\n\n\n<li>r\u00f3\u017ca Matki Bo\u017cej Ko\u015bcierskiej &#8211; Iwona Czapiewska,<\/li>\n\n\n\n<li>r\u00f3\u017ca \u015bw. Maksymiliana Kolbe &#8211; Gra\u017cyna Ko\u015bmieja,<\/li>\n<\/ol>\n\n\n\n<p>&nbsp;<\/p>\n","protected":false},"excerpt":{"rendered":"<p>Apostolstwo \u017bywego R\u00f3\u017ca\u0144ca \u201e\u017bywy R\u00f3\u017caniec\u201d jest wsp\u00f3lnot\u0105 os\u00f3b, kt\u00f3re w duchu odpowiedzialno\u015bci za Ko\u015bci\u00f3\u0142 i \u015bwiat otaczaj\u0105 modlitewn\u0105 opiek\u0105 tych, kt\u00f3rzy najbardziej jej potrzebuj\u0105 i s\u0105 wskazani zw\u0142aszcza w Papieskich Intencjach Apostolstwa Modlitwy. Ka\u017cda r\u00f3\u017ca posiada dwadzie\u015bcia os\u00f3b, z kt\u00f3rych ka\u017cda odmawia codziennie jedn\u0105 dziesi\u0105tk\u0119 r\u00f3\u017ca\u0144ca, czyli jedn\u0105 tajemnic\u0119, po\u0142\u0105czon\u0105 z rozwa\u017caniem. W ten spos\u00f3b [&hellip;]<\/p>\n","protected":false},"author":1,"featured_media":0,"comment_status":"closed","ping_status":"closed","sticky":false,"template":"","format":"standard","meta":{"footnotes":""},"categories":[6],"tags":[],"class_list":["post-1373","post","type-post","status-publish","format-standard","hentry","category-grupyparafialne"],"_links":{"self":[{"href":"https:\/\/www.parafiaborzytuchom.pl\/index.php?rest_route=\/wp\/v2\/posts\/1373","targetHints":{"allow":["GET"]}}],"collection":[{"href":"https:\/\/www.parafiaborzytuchom.pl\/index.php?rest_route=\/wp\/v2\/posts"}],"about":[{"href":"https:\/\/www.parafiaborzytuchom.pl\/index.php?rest_route=\/wp\/v2\/types\/post"}],"author":[{"embeddable":true,"href":"https:\/\/www.parafiaborzytuchom.pl\/index.php?rest_route=\/wp\/v2\/users\/1"}],"replies":[{"embeddable":true,"href":"https:\/\/www.parafiaborzytuchom.pl\/index.php?rest_route=%2Fwp%2Fv2%2Fcomments&post=1373"}],"version-history":[{"count":3,"href":"https:\/\/www.parafiaborzytuchom.pl\/index.php?rest_route=\/wp\/v2\/posts\/1373\/revisions"}],"predecessor-version":[{"id":1592,"href":"https:\/\/www.parafiaborzytuchom.pl\/index.php?rest_route=\/wp\/v2\/posts\/1373\/revisions\/1592"}],"wp:attachment":[{"href":"https:\/\/www.parafiaborzytuchom.pl\/index.php?rest_route=%2Fwp%2Fv2%2Fmedia&parent=1373"}],"wp:term":[{"taxonomy":"category","embeddable":true,"href":"https:\/\/www.parafiaborzytuchom.pl\/index.php?rest_route=%2Fwp%2Fv2%2Fcategories&post=1373"},{"taxonomy":"post_tag","embeddable":true,"href":"https:\/\/www.parafiaborzytuchom.pl\/index.php?rest_route=%2Fwp%2Fv2%2Ftags&post=1373"}],"curies":[{"name":"wp","href":"https:\/\/api.w.org\/{rel}","templated":true}]}}