{"id":1369,"date":"2025-03-02T09:42:37","date_gmt":"2025-03-02T09:42:37","guid":{"rendered":"https:\/\/www.parafiaborzytuchom.pl\/?p=1369"},"modified":"2025-03-02T09:45:05","modified_gmt":"2025-03-02T09:45:05","slug":"caritass","status":"publish","type":"post","link":"https:\/\/www.parafiaborzytuchom.pl\/?p=1369","title":{"rendered":"Caritas"},"content":{"rendered":"\n<p>Caritas Diecezji Pelpli\u0144skiej jest ko\u015bcieln\u0105 organizacj\u0105 charytatywn\u0105 powo\u0142an\u0105 dekretem Biskupa Che\u0142mi\u0144skiego 15 lipca 1991 roku.<\/p>\n\n\n\n<p>Caritas s\u0142u\u017cy pomoc\u0105 Ko\u015bcio\u0142owi diecezjalnemu w wype\u0142nianiu pos\u0142annictwa chrze\u015bcija\u0144skiej dobroczynno\u015bci. Caritas posiada osobowo\u015b\u0107 prawn\u0105 i dzia\u0142a w oparciu o przepisy prawa ko\u015bcielnego, odpowiednie przepisy prawa pa\u0144stwowego oraz w oparciu o postanowienia w\u0142asnego statutu.<\/p>\n\n\n\n<p>Dyrektorem Caritas Diecezji Pelpli\u0144skiej jest ks. dr Grzegorz Weis.<\/p>\n\n\n\n<p>Caritas Parafii w swej organizacji i dzia\u0142alno\u015bci kieruje si\u0119 statutem oraz dokumentem Komisji Charytatywnej Konferencji Episkopatu Polski z 2000 r. \u201cWskazania Duszpasterskie dla Parafialnych Zespo\u0142\u00f3w Caritas\u201d<\/p>\n\n\n\n<p>Celem Parafialnego Zespo\u0142u Caritas jest dzia\u0142alno\u015b\u0107 charytatywna i humanitarna, edukacyjna, terapeutycza, wychowawcza, sportowo-rekreacyjna dla zrealizowania potrzeb duchowych i materialnych cz\u0142owieka wyp\u0142ywaj\u0105ca z ewangelicznego przykazania mi\u0142o\u015bci i maj\u0105c\u0105 na uwadze godno\u015b\u0107 ka\u017cdej osoby ludzkiej bez wzgl\u0119du na jej wyznanie, \u015bwiatopogl\u0105d, narodowo\u015b\u0107, ras\u0119 i przekonania.<\/p>\n\n\n\n<p><strong>Do zada\u0144 nale\u017c\u0105 w szczeg\u00f3lno\u015bci:<\/strong><\/p>\n\n\n\n<ul class=\"wp-block-list\">\n<li>krzewienie i o\u017cywianie mi\u0142o\u015bci mi\u0142osiernej oraz systematyczna i metodyczna formacja charytatywna<\/li>\n\n\n\n<li>mobilizacja charytatywna wsp\u00f3lnoty parafii do praktykowania mi\u0142osierdzia poprzez modlitw\u0119, s\u0142owo, i czyn,<\/li>\n\n\n\n<li>rozpoznawanie potrzeb i mo\u017cliwo\u015bci pomocy charytatywnej na terenie parafii,<\/li>\n\n\n\n<li>organizowanie i \u015bwiadczenie konkretnej pomocy potrzebuj\u0105cym (chorym, niepe\u0142nosprawnym, osobom w podesz\u0142ym wieku, rodzinom, samotnym matkom, seniorom, dzieciom i m\u0142odzie\u017cy, bezdomnym, bezrobotnym, ofiarom przemocy, osobom ubogim i tym, kt\u00f3re maj\u0105 trudno\u015bci),<\/li>\n\n\n\n<li>sprawowanie opieki nad charytatywnymi plac\u00f3wkami ko\u015bcielnymi dzia\u0142aj\u0105cymi na terenie parafii, b\u0105d\u017a te\u017c tworzenie takich plac\u00f3wek,<\/li>\n\n\n\n<li>mo\u017cliwo\u015b\u0107 podj\u0119cia wsp\u00f3\u0142pracy z osobami dzia\u0142aj\u0105cymi w ramach pa\u0144stwowej opieki spo\u0142ecznej lub z organizacjami spo\u0142ecznymi o charakterze charytatywno-opieku\u0144czym,<\/li>\n\n\n\n<li>dzia\u0142alno\u015b\u0107 wspomagaj\u0105ca rozw\u00f3j wsp\u00f3lnot i spo\u0142eczno\u015bci lokalnych,<\/li>\n\n\n\n<li>krajoznawstwo i wypoczynek dzieci i m\u0142odzie\u017cy,<\/li>\n\n\n\n<li>pomoc ofiarom katastrof, kl\u0119sk \u017cywio\u0142owych, konflikt\u00f3w zbrojnych i wojen w kraju i za granic\u0105,<\/li>\n\n\n\n<li>promocja i organizacja wolontariatu.<\/li>\n<\/ul>\n\n\n\n<p><strong>Kto nale\u017cy do Parafialnego Zespo\u0142u Caritas?<\/strong><\/p>\n\n\n\n<p>Parafialne Zespo\u0142y Caritas dzia\u0142aj\u0105 przy parafiach Diecezji Pelpli\u0144skiej. Obecnie na terenie diecezji funkcjonuje 88 zespo\u0142\u00f3w.<br>Parafialny Zesp\u00f3\u0142 Caritas przy parafii p.w. Naj\u015bwi\u0119tszego Serca Jezusa w Borzytuchomiu zosta\u0142 powo\u0142any 13 grudnia 2021 r.<\/p>\n\n\n\n\n\n<p>Parafialny Zesp\u00f3\u0142 Caritas w Borzytuchomiu zrzesza cz\u0142onk\u00f3w zwyczajnych &#8211; wolontariuszy pracuj\u0105cych systematycznie dla realizacji misji Caritas oraz cz\u0142onk\u00f3w wspieraj\u0105cych &#8211; osoby deklaruj\u0105ce wsparcie w realizacji misji.<\/p>\n\n\n\n<p>\u0141\u0105cznie dzia\u0142a 25 wolontariuszy zrzeszonych w ramach parafialnego Zespo\u0142u Caritas w Borzytuchomiu.<\/p>\n\n\n\n<p>Przewodnicz\u0105cy &#8211; ks. Janusz Pawlak<\/p>\n\n\n\n<p>Prezes -Weronika Myszkowska<\/p>\n\n\n\n<p>Sekretarz &#8211; Urszula Zaborowska&nbsp;<\/p>\n\n\n\n<p>Skarbnik &#8211; Hanna Toczek<\/p>\n\n\n\n<p><strong>Co uda\u0142o nam si\u0119 zrealizowa\u0107?<\/strong><\/p>\n\n\n\n<p>Jako Parafialny Zesp\u00f3\u0142 Caritas realizowali\u015bmy du\u017co inicjatyw zar\u00f3wno proponowanych przez Diecezjalny Caritas jak i w\u0142asne parafialne dzia\u0142ania na rzecz os\u00f3b potrzebuj\u0105cych.<\/p>\n\n\n\n<p>Zbi\u00f3rki pieni\u0119\u017cne, sprzeda\u017c \u015bwiec wigilijnego dzie\u0142a pomocy, jak r\u00f3wnie\u017c \u015bwiec wielkanocnych, sprzeda\u017c \u201cchlebk\u00f3w mi\u0142o\u015bci\u201d, sianka, palm wielkanocnych, wie\u0144c\u00f3w adwentowych oraz figurek \u015awi\u0119tej Rodziny r\u0119cznie wykonanych przez wolontariuszy. Prowadzimy ca\u0142oroczn\u0105 pomoc najbardziej potrzebuj\u0105cym seniorom \u201c zakupy z kart\u0105 Biedronki\u201d Corocznie organizujemy parafialny festyn odpustowy, parafialny rajd rowerowy -rodzinny, wsp\u00f3lne wyjazdy pielgrzymkowe, a tak\u017ce dwa razy do roku przygotowujemy paczki \u017cywno\u015bciowe oraz upominkowe jako wsparcie dla r\u00f3\u017cnych potrzebuj\u0105cych grup spo\u0142ecznych w\u015br\u00f3d naszych parafian.<\/p>\n\n\n\n<p><strong>Serdecznie zapraszamy na spotkania nowych cz\u0142onk\u00f3w i osoby chc\u0105ce krzewi\u0107 uczynki mi\u0142osierdzia oraz obecnych wolontariuszy.<\/strong><\/p>\n\n\n\n<p>Nasze spotkania odbywaj\u0105 si\u0119 w ramach potrzeby dzia\u0142ania, zawsze og\u0142aszane s\u0105 przez ksi\u0119dza proboszcza na niedzielnej Mszy \u015bwi\u0119tej.<\/p>\n\n\n\n<p>Og\u0142oszenia znale\u017a\u0107 mo\u017cna na stronie internetowej oraz fanpage&#8217;u<\/p>\n\n\n\n<p><a href=\"https:\/\/www.facebook.com\/profile.php?id=100067462009196\">https:\/\/www.facebook.com\/profile.php?id=100067462009196<\/a><\/p>\n\n\n\n<figure class=\"wp-block-gallery has-nested-images columns-default is-cropped wp-block-gallery-1 is-layout-flex wp-block-gallery-is-layout-flex\">\n<figure class=\"wp-block-image size-large\"><img fetchpriority=\"high\" decoding=\"async\" width=\"1024\" height=\"771\" data-id=\"1339\" src=\"https:\/\/www.parafiaborzytuchom.pl\/wp-content\/uploads\/2025\/02\/Zdjecie-WhatsApp-2024-06-09-o-20.56.10_317d57be-1-1024x771.jpg\" alt=\"\" class=\"wp-image-1339\" srcset=\"https:\/\/www.parafiaborzytuchom.pl\/wp-content\/uploads\/2025\/02\/Zdjecie-WhatsApp-2024-06-09-o-20.56.10_317d57be-1-1024x771.jpg 1024w, https:\/\/www.parafiaborzytuchom.pl\/wp-content\/uploads\/2025\/02\/Zdjecie-WhatsApp-2024-06-09-o-20.56.10_317d57be-1-300x226.jpg 300w, https:\/\/www.parafiaborzytuchom.pl\/wp-content\/uploads\/2025\/02\/Zdjecie-WhatsApp-2024-06-09-o-20.56.10_317d57be-1-768x578.jpg 768w, https:\/\/www.parafiaborzytuchom.pl\/wp-content\/uploads\/2025\/02\/Zdjecie-WhatsApp-2024-06-09-o-20.56.10_317d57be-1-1536x1156.jpg 1536w, https:\/\/www.parafiaborzytuchom.pl\/wp-content\/uploads\/2025\/02\/Zdjecie-WhatsApp-2024-06-09-o-20.56.10_317d57be-1.jpg 1600w\" sizes=\"(max-width: 1024px) 100vw, 1024px\" \/><\/figure>\n<\/figure>\n\n\n\n<figure class=\"wp-block-gallery has-nested-images columns-default is-cropped wp-block-gallery-2 is-layout-flex wp-block-gallery-is-layout-flex\">\n<figure class=\"wp-block-image size-large\"><img decoding=\"async\" width=\"768\" height=\"1024\" data-id=\"1336\" src=\"https:\/\/www.parafiaborzytuchom.pl\/wp-content\/uploads\/2025\/02\/Zdjecie-WhatsApp-2024-04-21-o-18.20.22_de6afeb6-768x1024.jpg\" alt=\"\" class=\"wp-image-1336\" srcset=\"https:\/\/www.parafiaborzytuchom.pl\/wp-content\/uploads\/2025\/02\/Zdjecie-WhatsApp-2024-04-21-o-18.20.22_de6afeb6-768x1024.jpg 768w, https:\/\/www.parafiaborzytuchom.pl\/wp-content\/uploads\/2025\/02\/Zdjecie-WhatsApp-2024-04-21-o-18.20.22_de6afeb6-225x300.jpg 225w, https:\/\/www.parafiaborzytuchom.pl\/wp-content\/uploads\/2025\/02\/Zdjecie-WhatsApp-2024-04-21-o-18.20.22_de6afeb6-1152x1536.jpg 1152w, https:\/\/www.parafiaborzytuchom.pl\/wp-content\/uploads\/2025\/02\/Zdjecie-WhatsApp-2024-04-21-o-18.20.22_de6afeb6.jpg 1200w\" sizes=\"(max-width: 768px) 100vw, 768px\" \/><\/figure>\n<\/figure>\n\n\n\n<figure class=\"wp-block-image size-large\"><img decoding=\"async\" width=\"1024\" height=\"768\" src=\"https:\/\/www.parafiaborzytuchom.pl\/wp-content\/uploads\/2025\/02\/Zdjecie-WhatsApp-2024-12-18-o-19.26.04_73ec7e18-1024x768.jpg\" alt=\"\" class=\"wp-image-1344\" srcset=\"https:\/\/www.parafiaborzytuchom.pl\/wp-content\/uploads\/2025\/02\/Zdjecie-WhatsApp-2024-12-18-o-19.26.04_73ec7e18-1024x768.jpg 1024w, https:\/\/www.parafiaborzytuchom.pl\/wp-content\/uploads\/2025\/02\/Zdjecie-WhatsApp-2024-12-18-o-19.26.04_73ec7e18-300x225.jpg 300w, https:\/\/www.parafiaborzytuchom.pl\/wp-content\/uploads\/2025\/02\/Zdjecie-WhatsApp-2024-12-18-o-19.26.04_73ec7e18-768x576.jpg 768w, https:\/\/www.parafiaborzytuchom.pl\/wp-content\/uploads\/2025\/02\/Zdjecie-WhatsApp-2024-12-18-o-19.26.04_73ec7e18-1536x1152.jpg 1536w, https:\/\/www.parafiaborzytuchom.pl\/wp-content\/uploads\/2025\/02\/Zdjecie-WhatsApp-2024-12-18-o-19.26.04_73ec7e18.jpg 1600w\" sizes=\"(max-width: 1024px) 100vw, 1024px\" \/><\/figure>\n\n\n\n<p>&nbsp;<\/p>\n","protected":false},"excerpt":{"rendered":"<p>Caritas Diecezji Pelpli\u0144skiej jest ko\u015bcieln\u0105 organizacj\u0105 charytatywn\u0105 powo\u0142an\u0105 dekretem Biskupa Che\u0142mi\u0144skiego 15 lipca 1991 roku. Caritas s\u0142u\u017cy pomoc\u0105 Ko\u015bcio\u0142owi diecezjalnemu w wype\u0142nianiu pos\u0142annictwa chrze\u015bcija\u0144skiej dobroczynno\u015bci. Caritas posiada osobowo\u015b\u0107 prawn\u0105 i dzia\u0142a w oparciu o przepisy prawa ko\u015bcielnego, odpowiednie przepisy prawa pa\u0144stwowego oraz w oparciu o postanowienia w\u0142asnego statutu. Dyrektorem Caritas Diecezji Pelpli\u0144skiej jest ks. dr [&hellip;]<\/p>\n","protected":false},"author":1,"featured_media":0,"comment_status":"closed","ping_status":"closed","sticky":false,"template":"","format":"standard","meta":{"footnotes":""},"categories":[6],"tags":[],"class_list":["post-1369","post","type-post","status-publish","format-standard","hentry","category-grupyparafialne"],"_links":{"self":[{"href":"https:\/\/www.parafiaborzytuchom.pl\/index.php?rest_route=\/wp\/v2\/posts\/1369","targetHints":{"allow":["GET"]}}],"collection":[{"href":"https:\/\/www.parafiaborzytuchom.pl\/index.php?rest_route=\/wp\/v2\/posts"}],"about":[{"href":"https:\/\/www.parafiaborzytuchom.pl\/index.php?rest_route=\/wp\/v2\/types\/post"}],"author":[{"embeddable":true,"href":"https:\/\/www.parafiaborzytuchom.pl\/index.php?rest_route=\/wp\/v2\/users\/1"}],"replies":[{"embeddable":true,"href":"https:\/\/www.parafiaborzytuchom.pl\/index.php?rest_route=%2Fwp%2Fv2%2Fcomments&post=1369"}],"version-history":[{"count":2,"href":"https:\/\/www.parafiaborzytuchom.pl\/index.php?rest_route=\/wp\/v2\/posts\/1369\/revisions"}],"predecessor-version":[{"id":1371,"href":"https:\/\/www.parafiaborzytuchom.pl\/index.php?rest_route=\/wp\/v2\/posts\/1369\/revisions\/1371"}],"wp:attachment":[{"href":"https:\/\/www.parafiaborzytuchom.pl\/index.php?rest_route=%2Fwp%2Fv2%2Fmedia&parent=1369"}],"wp:term":[{"taxonomy":"category","embeddable":true,"href":"https:\/\/www.parafiaborzytuchom.pl\/index.php?rest_route=%2Fwp%2Fv2%2Fcategories&post=1369"},{"taxonomy":"post_tag","embeddable":true,"href":"https:\/\/www.parafiaborzytuchom.pl\/index.php?rest_route=%2Fwp%2Fv2%2Ftags&post=1369"}],"curies":[{"name":"wp","href":"https:\/\/api.w.org\/{rel}","templated":true}]}}