{"id":1324,"date":"2025-02-28T09:06:30","date_gmt":"2025-02-28T09:06:30","guid":{"rendered":"https:\/\/www.parafiaborzytuchom.pl\/?p=1324"},"modified":"2025-03-01T09:01:16","modified_gmt":"2025-03-01T09:01:16","slug":"chor-cor-dei","status":"publish","type":"post","link":"https:\/\/www.parafiaborzytuchom.pl\/?p=1324","title":{"rendered":"Ch\u00f3r &#8222;Cor Dei&#8221;"},"content":{"rendered":"\n<p><strong>\u201e\u015apiewajcie g\u0142osem, \u015bpiewajcie sercem, \u015bpiewajcie ustami, \u015bpiewajcie swoim \u017cyciem\u201d.<\/strong> (\u015bw. Augustyn)<\/p>\n\n\n\n<p>Ch\u00f3r parafialny <strong>Cor Dei (Serce Boga)<\/strong> liczy 23 cz\u0142onk\u00f3w. <\/p>\n\n\n\n<p>Powsta\u0142 w maju 2024 roku z inicjatywy Aleksandry Pepli\u0144skiej. Jest zespo\u0142em mieszanym, wykonuj\u0105cym g\u0142\u00f3wnie pie\u015bni religijne i liturgiczne. Swoim \u015bpiewem towarzyszy podczas liturgii najwa\u017cniejszych \u015bwi\u0105t roku ko\u015bcielnego oraz Mszy \u015bwi\u0119tych obrz\u0119dowych i okoliczno\u015bciowych. W swoim repertuarze bazuje na \u015bpiewniku Siedleckiego oraz utworach kompozycji Paw\u0142a B\u0119benka, Piotra Pa\u0142ki, czy Huberta Kowalskiego.&nbsp;<\/p>\n\n\n\n<figure class=\"wp-block-image size-full\"><img fetchpriority=\"high\" decoding=\"async\" width=\"500\" height=\"500\" src=\"https:\/\/www.parafiaborzytuchom.pl\/wp-content\/uploads\/2025\/02\/Cor-dei.jpg\" alt=\"\" class=\"wp-image-1350\" srcset=\"https:\/\/www.parafiaborzytuchom.pl\/wp-content\/uploads\/2025\/02\/Cor-dei.jpg 500w, https:\/\/www.parafiaborzytuchom.pl\/wp-content\/uploads\/2025\/02\/Cor-dei-300x300.jpg 300w, https:\/\/www.parafiaborzytuchom.pl\/wp-content\/uploads\/2025\/02\/Cor-dei-150x150.jpg 150w\" sizes=\"(max-width: 500px) 100vw, 500px\" \/><\/figure>\n","protected":false},"excerpt":{"rendered":"<p>\u201e\u015apiewajcie g\u0142osem, \u015bpiewajcie sercem, \u015bpiewajcie ustami, \u015bpiewajcie swoim \u017cyciem\u201d. (\u015bw. Augustyn) Ch\u00f3r parafialny Cor Dei (Serce Boga) liczy 23 cz\u0142onk\u00f3w. Powsta\u0142 w maju 2024 roku z inicjatywy Aleksandry Pepli\u0144skiej. Jest zespo\u0142em mieszanym, wykonuj\u0105cym g\u0142\u00f3wnie pie\u015bni religijne i liturgiczne. Swoim \u015bpiewem towarzyszy podczas liturgii najwa\u017cniejszych \u015bwi\u0105t roku ko\u015bcielnego oraz Mszy \u015bwi\u0119tych obrz\u0119dowych i okoliczno\u015bciowych. W swoim [&hellip;]<\/p>\n","protected":false},"author":1,"featured_media":0,"comment_status":"closed","ping_status":"open","sticky":false,"template":"","format":"standard","meta":{"footnotes":""},"categories":[6],"tags":[],"class_list":["post-1324","post","type-post","status-publish","format-standard","hentry","category-grupyparafialne"],"_links":{"self":[{"href":"https:\/\/www.parafiaborzytuchom.pl\/index.php?rest_route=\/wp\/v2\/posts\/1324","targetHints":{"allow":["GET"]}}],"collection":[{"href":"https:\/\/www.parafiaborzytuchom.pl\/index.php?rest_route=\/wp\/v2\/posts"}],"about":[{"href":"https:\/\/www.parafiaborzytuchom.pl\/index.php?rest_route=\/wp\/v2\/types\/post"}],"author":[{"embeddable":true,"href":"https:\/\/www.parafiaborzytuchom.pl\/index.php?rest_route=\/wp\/v2\/users\/1"}],"replies":[{"embeddable":true,"href":"https:\/\/www.parafiaborzytuchom.pl\/index.php?rest_route=%2Fwp%2Fv2%2Fcomments&post=1324"}],"version-history":[{"count":4,"href":"https:\/\/www.parafiaborzytuchom.pl\/index.php?rest_route=\/wp\/v2\/posts\/1324\/revisions"}],"predecessor-version":[{"id":1351,"href":"https:\/\/www.parafiaborzytuchom.pl\/index.php?rest_route=\/wp\/v2\/posts\/1324\/revisions\/1351"}],"wp:attachment":[{"href":"https:\/\/www.parafiaborzytuchom.pl\/index.php?rest_route=%2Fwp%2Fv2%2Fmedia&parent=1324"}],"wp:term":[{"taxonomy":"category","embeddable":true,"href":"https:\/\/www.parafiaborzytuchom.pl\/index.php?rest_route=%2Fwp%2Fv2%2Fcategories&post=1324"},{"taxonomy":"post_tag","embeddable":true,"href":"https:\/\/www.parafiaborzytuchom.pl\/index.php?rest_route=%2Fwp%2Fv2%2Ftags&post=1324"}],"curies":[{"name":"wp","href":"https:\/\/api.w.org\/{rel}","templated":true}]}}